{"id":1154,"date":"2017-05-18T12:00:20","date_gmt":"2017-05-18T10:00:20","guid":{"rendered":"http:\/\/cpberiain.educacion.navarra.es\/web1\/?p=1154"},"modified":"2017-05-18T20:11:48","modified_gmt":"2017-05-18T18:11:48","slug":"6o-primaria-personajes-historicos-de-la-edad-moderna","status":"publish","type":"post","link":"https:\/\/cpberiain.educacion.navarra.es\/web1\/6o-primaria-personajes-historicos-de-la-edad-moderna\/","title":{"rendered":"6\u00ba primaria: Personajes hist\u00f3ricos de la Edad Moderna"},"content":{"rendered":"<p>\u00a1Sexto quiere hacer historia!<\/p>\n<p>Los alumnos y alumnas de 6\u00ba han decidido disfrazarse tal y como vest\u00edan en la Edad Moderna:\u00a0 Col\u00f3n, Cervantes, Vel\u00e1zquez&#8230; hasta Zurbar\u00e1n o Calder\u00f3n de la Barca han revivido en clase.<\/p>\n<p>Cada uno ha investigado acerca de un personaje y ha explicado lo aprendido con ayuda de un PowerPoint.<\/p>\n<p>\u00bfPod\u00e9is reconocer a cada uno de los personajes?<\/p>\n<div class=\"tiled-gallery type-circle tiled-gallery-unresized\" data-original-width=\"500\" data-carousel-extra='{&quot;blog_id&quot;:1,&quot;permalink&quot;:&quot;https:\\\/\\\/cpberiain.educacion.navarra.es\\\/web1\\\/6o-primaria-personajes-historicos-de-la-edad-moderna\\\/&quot;,&quot;likes_blog_id&quot;:126613894}' itemscope itemtype=\"http:\/\/schema.org\/ImageGallery\" > <div class=\"gallery-row\" style=\"width: 500px; height: 250px;\" data-original-width=\"500\" data-original-height=\"250\" > <div class=\"gallery-group\" style=\"width: 250px; height: 250px;\" data-original-width=\"250\" data-original-height=\"250\" > <div class=\"tiled-gallery-item \" itemprop=\"associatedMedia\" itemscope itemtype=\"http:\/\/schema.org\/ImageObject\"> <a href=\"https:\/\/cpberiain.educacion.navarra.es\/web1\/6o-primaria-personajes-historicos-de-la-edad-moderna\/fernando-de-aragon\/\" border=\"0\" itemprop=\"url\"> <meta itemprop=\"width\" content=\"246\"> <meta itemprop=\"height\" content=\"246\"> <img data-attachment-id=\"1192\" data-orig-file=\"https:\/\/cpberiain.educacion.navarra.es\/web1\/wp-content\/uploads\/2017\/05\/Fernando-De-Aragon.jpg\" data-orig-size=\"576,1024\" data-comments-opened=\"1\" data-image-meta=\"{&quot;aperture&quot;:&quot;0&quot;,&quot;credit&quot;:&quot;&quot;,&quot;camera&quot;:&quot;&quot;,&quot;caption&quot;:&quot;&quot;,&quot;created_timestamp&quot;:&quot;0&quot;,&quot;copyright&quot;:&quot;&quot;,&quot;focal_length&quot;:&quot;0&quot;,&quot;iso&quot;:&quot;0&quot;,&quot;shutter_speed&quot;:&quot;0&quot;,&quot;title&quot;:&quot;&quot;,&quot;orientation&quot;:&quot;0&quot;}\" data-image-title=\"Fernando De Aragon\" data-image-description=\"\" data-medium-file=\"https:\/\/i0.wp.com\/cpberiain.educacion.navarra.es\/web1\/wp-content\/uploads\/2017\/05\/Fernando-De-Aragon.jpg?fit=169%2C300&#038;ssl=1\" data-large-file=\"https:\/\/i0.wp.com\/cpberiain.educacion.navarra.es\/web1\/wp-content\/uploads\/2017\/05\/Fernando-De-Aragon.jpg?fit=576%2C1024&#038;ssl=1\" src=\"https:\/\/i0.wp.com\/cpberiain.educacion.navarra.es\/web1\/wp-content\/uploads\/2017\/05\/Fernando-De-Aragon.jpg?w=246&#038;h=246&#038;crop=1&#038;ssl=1\" width=\"246\" height=\"246\" data-original-width=\"246\" data-original-height=\"246\" itemprop=\"http:\/\/schema.org\/image\" title=\"Fernando De Aragon\" alt=\"Fern\u00e1ndo de Arag\u00f3n\" style=\"width: 246px; height: 246px;\" \/> <\/a> <div class=\"tiled-gallery-caption\" itemprop=\"caption description\"> Fern\u00e1ndo de Arag\u00f3n <\/div> <\/div> <\/div> <div class=\"gallery-group\" style=\"width: 250px; height: 250px;\" data-original-width=\"250\" data-original-height=\"250\" > <div class=\"tiled-gallery-item \" itemprop=\"associatedMedia\" itemscope itemtype=\"http:\/\/schema.org\/ImageObject\"> <a href=\"https:\/\/cpberiain.educacion.navarra.es\/web1\/6o-primaria-personajes-historicos-de-la-edad-moderna\/el-greco-2\/\" border=\"0\" itemprop=\"url\"> <meta itemprop=\"width\" content=\"246\"> <meta itemprop=\"height\" content=\"246\"> <img data-attachment-id=\"1161\" data-orig-file=\"https:\/\/cpberiain.educacion.navarra.es\/web1\/wp-content\/uploads\/2017\/05\/El-greco-2.jpg\" data-orig-size=\"1024,768\" data-comments-opened=\"1\" data-image-meta=\"{&quot;aperture&quot;:&quot;0&quot;,&quot;credit&quot;:&quot;&quot;,&quot;camera&quot;:&quot;&quot;,&quot;caption&quot;:&quot;&quot;,&quot;created_timestamp&quot;:&quot;0&quot;,&quot;copyright&quot;:&quot;&quot;,&quot;focal_length&quot;:&quot;0&quot;,&quot;iso&quot;:&quot;0&quot;,&quot;shutter_speed&quot;:&quot;0&quot;,&quot;title&quot;:&quot;&quot;,&quot;orientation&quot;:&quot;0&quot;}\" data-image-title=\"El Greco\" data-image-description=\"&lt;p&gt;El Greco&lt;\/p&gt; \" data-medium-file=\"https:\/\/i0.wp.com\/cpberiain.educacion.navarra.es\/web1\/wp-content\/uploads\/2017\/05\/El-greco-2.jpg?fit=300%2C225&#038;ssl=1\" data-large-file=\"https:\/\/i0.wp.com\/cpberiain.educacion.navarra.es\/web1\/wp-content\/uploads\/2017\/05\/El-greco-2.jpg?fit=1024%2C768&#038;ssl=1\" src=\"https:\/\/i0.wp.com\/cpberiain.educacion.navarra.es\/web1\/wp-content\/uploads\/2017\/05\/El-greco-2.jpg?w=246&#038;h=246&#038;crop=1&#038;ssl=1\" width=\"246\" height=\"246\" data-original-width=\"246\" data-original-height=\"246\" itemprop=\"http:\/\/schema.org\/image\" title=\"El Greco\" alt=\"El Greco\" style=\"width: 246px; height: 246px;\" \/> <\/a> <div class=\"tiled-gallery-caption\" itemprop=\"caption description\"> El Greco <\/div> <\/div> <\/div> <\/div> <div class=\"gallery-row\" style=\"width: 500px; height: 166px;\" data-original-width=\"500\" data-original-height=\"166\" > <div class=\"gallery-group\" style=\"width: 166px; height: 166px;\" data-original-width=\"166\" data-original-height=\"166\" > <div class=\"tiled-gallery-item \" itemprop=\"associatedMedia\" itemscope itemtype=\"http:\/\/schema.org\/ImageObject\"> <a href=\"https:\/\/cpberiain.educacion.navarra.es\/web1\/6o-primaria-personajes-historicos-de-la-edad-moderna\/shakespeare\/\" border=\"0\" itemprop=\"url\"> <meta itemprop=\"width\" content=\"162\"> <meta itemprop=\"height\" content=\"162\"> <img data-attachment-id=\"1183\" data-orig-file=\"https:\/\/cpberiain.educacion.navarra.es\/web1\/wp-content\/uploads\/2017\/05\/Shakespeare.jpg\" data-orig-size=\"1024,768\" data-comments-opened=\"1\" data-image-meta=\"{&quot;aperture&quot;:&quot;0&quot;,&quot;credit&quot;:&quot;&quot;,&quot;camera&quot;:&quot;&quot;,&quot;caption&quot;:&quot;&quot;,&quot;created_timestamp&quot;:&quot;0&quot;,&quot;copyright&quot;:&quot;&quot;,&quot;focal_length&quot;:&quot;0&quot;,&quot;iso&quot;:&quot;0&quot;,&quot;shutter_speed&quot;:&quot;0&quot;,&quot;title&quot;:&quot;&quot;,&quot;orientation&quot;:&quot;0&quot;}\" data-image-title=\"Shakespeare\" data-image-description=\"&lt;p&gt;Shakespeare&lt;\/p&gt; \" data-medium-file=\"https:\/\/i0.wp.com\/cpberiain.educacion.navarra.es\/web1\/wp-content\/uploads\/2017\/05\/Shakespeare.jpg?fit=300%2C225&#038;ssl=1\" data-large-file=\"https:\/\/i0.wp.com\/cpberiain.educacion.navarra.es\/web1\/wp-content\/uploads\/2017\/05\/Shakespeare.jpg?fit=1024%2C768&#038;ssl=1\" src=\"https:\/\/i0.wp.com\/cpberiain.educacion.navarra.es\/web1\/wp-content\/uploads\/2017\/05\/Shakespeare.jpg?w=162&#038;h=162&#038;crop=1&#038;ssl=1\" width=\"162\" height=\"162\" data-original-width=\"162\" data-original-height=\"162\" itemprop=\"http:\/\/schema.org\/image\" title=\"Shakespeare\" alt=\"Shakespeare\" style=\"width: 162px; height: 162px;\" \/> <\/a> <div class=\"tiled-gallery-caption\" itemprop=\"caption description\"> Shakespeare <\/div> <\/div> <\/div> <div class=\"gallery-group\" style=\"width: 166px; height: 166px;\" data-original-width=\"166\" data-original-height=\"166\" > <div class=\"tiled-gallery-item \" itemprop=\"associatedMedia\" itemscope itemtype=\"http:\/\/schema.org\/ImageObject\"> <a href=\"https:\/\/cpberiain.educacion.navarra.es\/web1\/6o-primaria-personajes-historicos-de-la-edad-moderna\/lope-de-vega\/\" border=\"0\" itemprop=\"url\"> <meta itemprop=\"width\" content=\"162\"> <meta itemprop=\"height\" content=\"162\"> <img data-attachment-id=\"1191\" data-orig-file=\"https:\/\/cpberiain.educacion.navarra.es\/web1\/wp-content\/uploads\/2017\/05\/Lope-de-Vega.jpg\" data-orig-size=\"1024,768\" data-comments-opened=\"1\" data-image-meta=\"{&quot;aperture&quot;:&quot;0&quot;,&quot;credit&quot;:&quot;&quot;,&quot;camera&quot;:&quot;&quot;,&quot;caption&quot;:&quot;&quot;,&quot;created_timestamp&quot;:&quot;0&quot;,&quot;copyright&quot;:&quot;&quot;,&quot;focal_length&quot;:&quot;0&quot;,&quot;iso&quot;:&quot;0&quot;,&quot;shutter_speed&quot;:&quot;0&quot;,&quot;title&quot;:&quot;&quot;,&quot;orientation&quot;:&quot;0&quot;}\" data-image-title=\"Lope de Vega\" data-image-description=\"&lt;p&gt;Lope de Vega&lt;\/p&gt; \" data-medium-file=\"https:\/\/i0.wp.com\/cpberiain.educacion.navarra.es\/web1\/wp-content\/uploads\/2017\/05\/Lope-de-Vega.jpg?fit=300%2C225&#038;ssl=1\" data-large-file=\"https:\/\/i0.wp.com\/cpberiain.educacion.navarra.es\/web1\/wp-content\/uploads\/2017\/05\/Lope-de-Vega.jpg?fit=1024%2C768&#038;ssl=1\" src=\"https:\/\/i0.wp.com\/cpberiain.educacion.navarra.es\/web1\/wp-content\/uploads\/2017\/05\/Lope-de-Vega.jpg?w=162&#038;h=162&#038;crop=1&#038;ssl=1\" width=\"162\" height=\"162\" data-original-width=\"162\" data-original-height=\"162\" itemprop=\"http:\/\/schema.org\/image\" title=\"Lope de Vega\" alt=\"Lope de Vega\" style=\"width: 162px; height: 162px;\" \/> <\/a> <div class=\"tiled-gallery-caption\" itemprop=\"caption description\"> Lope de Vega <\/div> <\/div> <\/div> <div class=\"gallery-group\" style=\"width: 166px; height: 166px;\" data-original-width=\"166\" data-original-height=\"166\" > <div class=\"tiled-gallery-item \" itemprop=\"associatedMedia\" itemscope itemtype=\"http:\/\/schema.org\/ImageObject\"> <a href=\"https:\/\/cpberiain.educacion.navarra.es\/web1\/6o-primaria-personajes-historicos-de-la-edad-moderna\/gongora-y-quevedo\/\" border=\"0\" itemprop=\"url\"> <meta itemprop=\"width\" content=\"162\"> <meta itemprop=\"height\" content=\"162\"> <img data-attachment-id=\"1185\" data-orig-file=\"https:\/\/cpberiain.educacion.navarra.es\/web1\/wp-content\/uploads\/2017\/05\/Gongora-y-Quevedo.jpg\" data-orig-size=\"1024,768\" data-comments-opened=\"1\" data-image-meta=\"{&quot;aperture&quot;:&quot;0&quot;,&quot;credit&quot;:&quot;&quot;,&quot;camera&quot;:&quot;&quot;,&quot;caption&quot;:&quot;&quot;,&quot;created_timestamp&quot;:&quot;0&quot;,&quot;copyright&quot;:&quot;&quot;,&quot;focal_length&quot;:&quot;0&quot;,&quot;iso&quot;:&quot;0&quot;,&quot;shutter_speed&quot;:&quot;0&quot;,&quot;title&quot;:&quot;&quot;,&quot;orientation&quot;:&quot;0&quot;}\" data-image-title=\"G\u00f3ngora y Quevedo\" data-image-description=\"&lt;p&gt;G\u00f3ngora y Quevedo&lt;\/p&gt; \" data-medium-file=\"https:\/\/i0.wp.com\/cpberiain.educacion.navarra.es\/web1\/wp-content\/uploads\/2017\/05\/Gongora-y-Quevedo.jpg?fit=300%2C225&#038;ssl=1\" data-large-file=\"https:\/\/i0.wp.com\/cpberiain.educacion.navarra.es\/web1\/wp-content\/uploads\/2017\/05\/Gongora-y-Quevedo.jpg?fit=1024%2C768&#038;ssl=1\" src=\"https:\/\/i0.wp.com\/cpberiain.educacion.navarra.es\/web1\/wp-content\/uploads\/2017\/05\/Gongora-y-Quevedo.jpg?w=162&#038;h=162&#038;crop=1&#038;ssl=1\" width=\"162\" height=\"162\" data-original-width=\"162\" data-original-height=\"162\" itemprop=\"http:\/\/schema.org\/image\" title=\"G\u00f3ngora y Quevedo\" alt=\"G\u00f3ngora y Quevedo\" style=\"width: 162px; height: 162px;\" \/> <\/a> <div class=\"tiled-gallery-caption\" itemprop=\"caption description\"> G\u00f3ngora y Quevedo <\/div> <\/div> <\/div> <\/div> <div class=\"gallery-row\" style=\"width: 500px; height: 166px;\" data-original-width=\"500\" data-original-height=\"166\" > <div class=\"gallery-group\" style=\"width: 166px; height: 166px;\" data-original-width=\"166\" data-original-height=\"166\" > <div class=\"tiled-gallery-item \" itemprop=\"associatedMedia\" itemscope itemtype=\"http:\/\/schema.org\/ImageObject\"> <a href=\"https:\/\/cpberiain.educacion.navarra.es\/web1\/6o-primaria-personajes-historicos-de-la-edad-moderna\/velazquez\/\" border=\"0\" itemprop=\"url\"> <meta itemprop=\"width\" content=\"162\"> <meta itemprop=\"height\" content=\"162\"> <img data-attachment-id=\"1184\" data-orig-file=\"https:\/\/cpberiain.educacion.navarra.es\/web1\/wp-content\/uploads\/2017\/05\/Velazquez.jpg\" data-orig-size=\"1024,768\" data-comments-opened=\"1\" data-image-meta=\"{&quot;aperture&quot;:&quot;0&quot;,&quot;credit&quot;:&quot;&quot;,&quot;camera&quot;:&quot;&quot;,&quot;caption&quot;:&quot;&quot;,&quot;created_timestamp&quot;:&quot;0&quot;,&quot;copyright&quot;:&quot;&quot;,&quot;focal_length&quot;:&quot;0&quot;,&quot;iso&quot;:&quot;0&quot;,&quot;shutter_speed&quot;:&quot;0&quot;,&quot;title&quot;:&quot;&quot;,&quot;orientation&quot;:&quot;0&quot;}\" data-image-title=\"Vel\u00e1zquez\" data-image-description=\"&lt;p&gt;Vel\u00e1zquez&lt;\/p&gt; \" data-medium-file=\"https:\/\/i0.wp.com\/cpberiain.educacion.navarra.es\/web1\/wp-content\/uploads\/2017\/05\/Velazquez.jpg?fit=300%2C225&#038;ssl=1\" data-large-file=\"https:\/\/i0.wp.com\/cpberiain.educacion.navarra.es\/web1\/wp-content\/uploads\/2017\/05\/Velazquez.jpg?fit=1024%2C768&#038;ssl=1\" src=\"https:\/\/i0.wp.com\/cpberiain.educacion.navarra.es\/web1\/wp-content\/uploads\/2017\/05\/Velazquez.jpg?w=162&#038;h=162&#038;crop=1&#038;ssl=1\" width=\"162\" height=\"162\" data-original-width=\"162\" data-original-height=\"162\" itemprop=\"http:\/\/schema.org\/image\" title=\"Vel\u00e1zquez\" alt=\"Vel\u00e1zquez\" style=\"width: 162px; height: 162px;\" \/> <\/a> <div class=\"tiled-gallery-caption\" itemprop=\"caption description\"> Vel\u00e1zquez <\/div> <\/div> <\/div> <div class=\"gallery-group\" style=\"width: 166px; height: 166px;\" data-original-width=\"166\" data-original-height=\"166\" > <div class=\"tiled-gallery-item \" itemprop=\"associatedMedia\" itemscope itemtype=\"http:\/\/schema.org\/ImageObject\"> <a href=\"https:\/\/cpberiain.educacion.navarra.es\/web1\/6o-primaria-personajes-historicos-de-la-edad-moderna\/hernan-cortes\/\" border=\"0\" itemprop=\"url\"> <meta itemprop=\"width\" content=\"162\"> <meta itemprop=\"height\" content=\"162\"> <img data-attachment-id=\"1164\" data-orig-file=\"https:\/\/cpberiain.educacion.navarra.es\/web1\/wp-content\/uploads\/2017\/05\/Hernan-Cortes.jpg\" data-orig-size=\"640,360\" data-comments-opened=\"1\" data-image-meta=\"{&quot;aperture&quot;:&quot;4&quot;,&quot;credit&quot;:&quot;&quot;,&quot;camera&quot;:&quot;Canon PowerShot S200&quot;,&quot;caption&quot;:&quot;&quot;,&quot;created_timestamp&quot;:&quot;1485255881&quot;,&quot;copyright&quot;:&quot;&quot;,&quot;focal_length&quot;:&quot;12.595&quot;,&quot;iso&quot;:&quot;400&quot;,&quot;shutter_speed&quot;:&quot;0.025&quot;,&quot;title&quot;:&quot;&quot;,&quot;orientation&quot;:&quot;1&quot;}\" data-image-title=\"Hern\u00e1n Cort\u00e9s\" data-image-description=\"&lt;p&gt;Hern\u00e1n Cort\u00e9s&lt;\/p&gt; \" data-medium-file=\"https:\/\/i0.wp.com\/cpberiain.educacion.navarra.es\/web1\/wp-content\/uploads\/2017\/05\/Hernan-Cortes.jpg?fit=300%2C169&#038;ssl=1\" data-large-file=\"https:\/\/i0.wp.com\/cpberiain.educacion.navarra.es\/web1\/wp-content\/uploads\/2017\/05\/Hernan-Cortes.jpg?fit=640%2C360&#038;ssl=1\" src=\"https:\/\/i0.wp.com\/cpberiain.educacion.navarra.es\/web1\/wp-content\/uploads\/2017\/05\/Hernan-Cortes.jpg?w=162&#038;h=162&#038;crop=1&#038;ssl=1\" width=\"162\" height=\"162\" data-original-width=\"162\" data-original-height=\"162\" itemprop=\"http:\/\/schema.org\/image\" title=\"Hern\u00e1n Cort\u00e9s\" alt=\"Hern\u00e1n Cort\u00e9s\" style=\"width: 162px; height: 162px;\" \/> <\/a> <div class=\"tiled-gallery-caption\" itemprop=\"caption description\"> Hern\u00e1n Cort\u00e9s <\/div> <\/div> <\/div> <div class=\"gallery-group\" style=\"width: 166px; height: 166px;\" data-original-width=\"166\" data-original-height=\"166\" > <div class=\"tiled-gallery-item \" itemprop=\"associatedMedia\" itemscope itemtype=\"http:\/\/schema.org\/ImageObject\"> <a href=\"https:\/\/cpberiain.educacion.navarra.es\/web1\/6o-primaria-personajes-historicos-de-la-edad-moderna\/maria-antonieta\/\" border=\"0\" itemprop=\"url\"> <meta itemprop=\"width\" content=\"162\"> <meta itemprop=\"height\" content=\"162\"> <img data-attachment-id=\"1165\" data-orig-file=\"https:\/\/cpberiain.educacion.navarra.es\/web1\/wp-content\/uploads\/2017\/05\/Maria-Antonieta.jpg\" data-orig-size=\"640,360\" data-comments-opened=\"1\" data-image-meta=\"{&quot;aperture&quot;:&quot;4&quot;,&quot;credit&quot;:&quot;&quot;,&quot;camera&quot;:&quot;Canon PowerShot S200&quot;,&quot;caption&quot;:&quot;&quot;,&quot;created_timestamp&quot;:&quot;1485255631&quot;,&quot;copyright&quot;:&quot;&quot;,&quot;focal_length&quot;:&quot;11.934&quot;,&quot;iso&quot;:&quot;400&quot;,&quot;shutter_speed&quot;:&quot;0.033333333333333&quot;,&quot;title&quot;:&quot;&quot;,&quot;orientation&quot;:&quot;1&quot;}\" data-image-title=\"Maria Antonieta\" data-image-description=\"&lt;p&gt;Maria Antonieta&lt;\/p&gt; \" data-medium-file=\"https:\/\/i0.wp.com\/cpberiain.educacion.navarra.es\/web1\/wp-content\/uploads\/2017\/05\/Maria-Antonieta.jpg?fit=300%2C169&#038;ssl=1\" data-large-file=\"https:\/\/i0.wp.com\/cpberiain.educacion.navarra.es\/web1\/wp-content\/uploads\/2017\/05\/Maria-Antonieta.jpg?fit=640%2C360&#038;ssl=1\" src=\"https:\/\/i0.wp.com\/cpberiain.educacion.navarra.es\/web1\/wp-content\/uploads\/2017\/05\/Maria-Antonieta.jpg?w=162&#038;h=162&#038;crop=1&#038;ssl=1\" width=\"162\" height=\"162\" data-original-width=\"162\" data-original-height=\"162\" itemprop=\"http:\/\/schema.org\/image\" title=\"Maria Antonieta\" alt=\"Maria Antonieta\" style=\"width: 162px; height: 162px;\" \/> <\/a> <div class=\"tiled-gallery-caption\" itemprop=\"caption description\"> Maria Antonieta <\/div> <\/div> <\/div> <\/div> <div class=\"gallery-row\" style=\"width: 500px; height: 166px;\" data-original-width=\"500\" data-original-height=\"166\" > <div class=\"gallery-group\" style=\"width: 166px; height: 166px;\" data-original-width=\"166\" data-original-height=\"166\" > <div class=\"tiled-gallery-item \" itemprop=\"associatedMedia\" itemscope itemtype=\"http:\/\/schema.org\/ImageObject\"> <a href=\"https:\/\/cpberiain.educacion.navarra.es\/web1\/6o-primaria-personajes-historicos-de-la-edad-moderna\/zurbaran\/\" border=\"0\" itemprop=\"url\"> <meta itemprop=\"width\" content=\"162\"> <meta itemprop=\"height\" content=\"162\"> <img data-attachment-id=\"1166\" data-orig-file=\"https:\/\/cpberiain.educacion.navarra.es\/web1\/wp-content\/uploads\/2017\/05\/Zurbaran.jpg\" data-orig-size=\"640,360\" data-comments-opened=\"1\" data-image-meta=\"{&quot;aperture&quot;:&quot;4.5&quot;,&quot;credit&quot;:&quot;&quot;,&quot;camera&quot;:&quot;Canon PowerShot S200&quot;,&quot;caption&quot;:&quot;&quot;,&quot;created_timestamp&quot;:&quot;1485256792&quot;,&quot;copyright&quot;:&quot;&quot;,&quot;focal_length&quot;:&quot;14.248&quot;,&quot;iso&quot;:&quot;400&quot;,&quot;shutter_speed&quot;:&quot;0.02&quot;,&quot;title&quot;:&quot;&quot;,&quot;orientation&quot;:&quot;1&quot;}\" data-image-title=\"Zurbar\u00e1n\" data-image-description=\"&lt;p&gt;Zurbar\u00e1n&lt;\/p&gt; \" data-medium-file=\"https:\/\/i0.wp.com\/cpberiain.educacion.navarra.es\/web1\/wp-content\/uploads\/2017\/05\/Zurbaran.jpg?fit=300%2C169&#038;ssl=1\" data-large-file=\"https:\/\/i0.wp.com\/cpberiain.educacion.navarra.es\/web1\/wp-content\/uploads\/2017\/05\/Zurbaran.jpg?fit=640%2C360&#038;ssl=1\" src=\"https:\/\/i0.wp.com\/cpberiain.educacion.navarra.es\/web1\/wp-content\/uploads\/2017\/05\/Zurbaran.jpg?w=162&#038;h=162&#038;crop=1&#038;ssl=1\" width=\"162\" height=\"162\" data-original-width=\"162\" data-original-height=\"162\" itemprop=\"http:\/\/schema.org\/image\" title=\"Zurbar\u00e1n\" alt=\"Zurbar\u00e1n\" style=\"width: 162px; height: 162px;\" \/> <\/a> <div class=\"tiled-gallery-caption\" itemprop=\"caption description\"> Zurbar\u00e1n <\/div> <\/div> <\/div> <div class=\"gallery-group\" style=\"width: 166px; height: 166px;\" data-original-width=\"166\" data-original-height=\"166\" > <div class=\"tiled-gallery-item \" itemprop=\"associatedMedia\" itemscope itemtype=\"http:\/\/schema.org\/ImageObject\"> <a href=\"https:\/\/cpberiain.educacion.navarra.es\/web1\/6o-primaria-personajes-historicos-de-la-edad-moderna\/felipe-ii\/\" border=\"0\" itemprop=\"url\"> <meta itemprop=\"width\" content=\"162\"> <meta itemprop=\"height\" content=\"162\"> <img data-attachment-id=\"1179\" data-orig-file=\"https:\/\/cpberiain.educacion.navarra.es\/web1\/wp-content\/uploads\/2017\/05\/Felipe-II.jpg\" data-orig-size=\"1024,768\" data-comments-opened=\"1\" data-image-meta=\"{&quot;aperture&quot;:&quot;0&quot;,&quot;credit&quot;:&quot;&quot;,&quot;camera&quot;:&quot;&quot;,&quot;caption&quot;:&quot;&quot;,&quot;created_timestamp&quot;:&quot;0&quot;,&quot;copyright&quot;:&quot;&quot;,&quot;focal_length&quot;:&quot;0&quot;,&quot;iso&quot;:&quot;0&quot;,&quot;shutter_speed&quot;:&quot;0&quot;,&quot;title&quot;:&quot;&quot;,&quot;orientation&quot;:&quot;0&quot;}\" data-image-title=\"Felipe II\" data-image-description=\"&lt;p&gt;Felipe II&lt;\/p&gt; \" data-medium-file=\"https:\/\/i0.wp.com\/cpberiain.educacion.navarra.es\/web1\/wp-content\/uploads\/2017\/05\/Felipe-II.jpg?fit=300%2C225&#038;ssl=1\" data-large-file=\"https:\/\/i0.wp.com\/cpberiain.educacion.navarra.es\/web1\/wp-content\/uploads\/2017\/05\/Felipe-II.jpg?fit=1024%2C768&#038;ssl=1\" src=\"https:\/\/i0.wp.com\/cpberiain.educacion.navarra.es\/web1\/wp-content\/uploads\/2017\/05\/Felipe-II.jpg?w=162&#038;h=162&#038;crop=1&#038;ssl=1\" width=\"162\" height=\"162\" data-original-width=\"162\" data-original-height=\"162\" itemprop=\"http:\/\/schema.org\/image\" title=\"Felipe II\" alt=\"Felipe II\" style=\"width: 162px; height: 162px;\" \/> <\/a> <div class=\"tiled-gallery-caption\" itemprop=\"caption description\"> Felipe II <\/div> <\/div> <\/div> <div class=\"gallery-group\" style=\"width: 166px; height: 166px;\" data-original-width=\"166\" data-original-height=\"166\" > <div class=\"tiled-gallery-item \" itemprop=\"associatedMedia\" itemscope itemtype=\"http:\/\/schema.org\/ImageObject\"> <a href=\"https:\/\/cpberiain.educacion.navarra.es\/web1\/6o-primaria-personajes-historicos-de-la-edad-moderna\/felipe-v\/\" border=\"0\" itemprop=\"url\"> <meta itemprop=\"width\" content=\"162\"> <meta itemprop=\"height\" content=\"162\"> <img data-attachment-id=\"1180\" data-orig-file=\"https:\/\/cpberiain.educacion.navarra.es\/web1\/wp-content\/uploads\/2017\/05\/Felipe-V.jpg\" data-orig-size=\"1024,768\" data-comments-opened=\"1\" data-image-meta=\"{&quot;aperture&quot;:&quot;0&quot;,&quot;credit&quot;:&quot;&quot;,&quot;camera&quot;:&quot;&quot;,&quot;caption&quot;:&quot;&quot;,&quot;created_timestamp&quot;:&quot;0&quot;,&quot;copyright&quot;:&quot;&quot;,&quot;focal_length&quot;:&quot;0&quot;,&quot;iso&quot;:&quot;0&quot;,&quot;shutter_speed&quot;:&quot;0&quot;,&quot;title&quot;:&quot;&quot;,&quot;orientation&quot;:&quot;0&quot;}\" data-image-title=\"Felipe V\" data-image-description=\"&lt;p&gt;Felipe V&lt;\/p&gt; \" data-medium-file=\"https:\/\/i0.wp.com\/cpberiain.educacion.navarra.es\/web1\/wp-content\/uploads\/2017\/05\/Felipe-V.jpg?fit=300%2C225&#038;ssl=1\" data-large-file=\"https:\/\/i0.wp.com\/cpberiain.educacion.navarra.es\/web1\/wp-content\/uploads\/2017\/05\/Felipe-V.jpg?fit=1024%2C768&#038;ssl=1\" src=\"https:\/\/i0.wp.com\/cpberiain.educacion.navarra.es\/web1\/wp-content\/uploads\/2017\/05\/Felipe-V.jpg?w=162&#038;h=162&#038;crop=1&#038;ssl=1\" width=\"162\" height=\"162\" data-original-width=\"162\" data-original-height=\"162\" itemprop=\"http:\/\/schema.org\/image\" title=\"Felipe V\" alt=\"Felipe V\" style=\"width: 162px; height: 162px;\" \/> <\/a> <div class=\"tiled-gallery-caption\" itemprop=\"caption description\"> Felipe V <\/div> <\/div> <\/div> <\/div> <div class=\"gallery-row\" style=\"width: 500px; height: 166px;\" data-original-width=\"500\" data-original-height=\"166\" > <div class=\"gallery-group\" style=\"width: 166px; height: 166px;\" data-original-width=\"166\" data-original-height=\"166\" > <div class=\"tiled-gallery-item \" itemprop=\"associatedMedia\" itemscope itemtype=\"http:\/\/schema.org\/ImageObject\"> <a href=\"https:\/\/cpberiain.educacion.navarra.es\/web1\/6o-primaria-personajes-historicos-de-la-edad-moderna\/magallanes-2\/\" border=\"0\" itemprop=\"url\"> <meta itemprop=\"width\" content=\"162\"> <meta itemprop=\"height\" content=\"162\"> <img data-attachment-id=\"1181\" data-orig-file=\"https:\/\/cpberiain.educacion.navarra.es\/web1\/wp-content\/uploads\/2017\/05\/Magallanes-2.jpg\" data-orig-size=\"1024,768\" data-comments-opened=\"1\" data-image-meta=\"{&quot;aperture&quot;:&quot;0&quot;,&quot;credit&quot;:&quot;&quot;,&quot;camera&quot;:&quot;&quot;,&quot;caption&quot;:&quot;&quot;,&quot;created_timestamp&quot;:&quot;0&quot;,&quot;copyright&quot;:&quot;&quot;,&quot;focal_length&quot;:&quot;0&quot;,&quot;iso&quot;:&quot;0&quot;,&quot;shutter_speed&quot;:&quot;0&quot;,&quot;title&quot;:&quot;&quot;,&quot;orientation&quot;:&quot;0&quot;}\" data-image-title=\"Magallanes 2\" data-image-description=\"&lt;p&gt;Magallanes 2&lt;\/p&gt; \" data-medium-file=\"https:\/\/i0.wp.com\/cpberiain.educacion.navarra.es\/web1\/wp-content\/uploads\/2017\/05\/Magallanes-2.jpg?fit=300%2C225&#038;ssl=1\" data-large-file=\"https:\/\/i0.wp.com\/cpberiain.educacion.navarra.es\/web1\/wp-content\/uploads\/2017\/05\/Magallanes-2.jpg?fit=1024%2C768&#038;ssl=1\" src=\"https:\/\/i0.wp.com\/cpberiain.educacion.navarra.es\/web1\/wp-content\/uploads\/2017\/05\/Magallanes-2.jpg?w=162&#038;h=162&#038;crop=1&#038;ssl=1\" width=\"162\" height=\"162\" data-original-width=\"162\" data-original-height=\"162\" itemprop=\"http:\/\/schema.org\/image\" title=\"Magallanes 2\" alt=\"Magallanes 2\" style=\"width: 162px; height: 162px;\" \/> <\/a> <div class=\"tiled-gallery-caption\" itemprop=\"caption description\"> Magallanes 2 <\/div> <\/div> <\/div> <div class=\"gallery-group\" style=\"width: 166px; height: 166px;\" data-original-width=\"166\" data-original-height=\"166\" > <div class=\"tiled-gallery-item \" itemprop=\"associatedMedia\" itemscope itemtype=\"http:\/\/schema.org\/ImageObject\"> <a href=\"https:\/\/cpberiain.educacion.navarra.es\/web1\/6o-primaria-personajes-historicos-de-la-edad-moderna\/pizaroo-2\/\" border=\"0\" itemprop=\"url\"> <meta itemprop=\"width\" content=\"162\"> <meta itemprop=\"height\" content=\"162\"> <img data-attachment-id=\"1182\" data-orig-file=\"https:\/\/cpberiain.educacion.navarra.es\/web1\/wp-content\/uploads\/2017\/05\/Pizaroo-2.jpg\" data-orig-size=\"1024,768\" data-comments-opened=\"1\" data-image-meta=\"{&quot;aperture&quot;:&quot;0&quot;,&quot;credit&quot;:&quot;&quot;,&quot;camera&quot;:&quot;&quot;,&quot;caption&quot;:&quot;&quot;,&quot;created_timestamp&quot;:&quot;0&quot;,&quot;copyright&quot;:&quot;&quot;,&quot;focal_length&quot;:&quot;0&quot;,&quot;iso&quot;:&quot;0&quot;,&quot;shutter_speed&quot;:&quot;0&quot;,&quot;title&quot;:&quot;&quot;,&quot;orientation&quot;:&quot;0&quot;}\" data-image-title=\"Pizarro 2\" data-image-description=\"&lt;p&gt;Pizarro 2&lt;\/p&gt; \" data-medium-file=\"https:\/\/i0.wp.com\/cpberiain.educacion.navarra.es\/web1\/wp-content\/uploads\/2017\/05\/Pizaroo-2.jpg?fit=300%2C225&#038;ssl=1\" data-large-file=\"https:\/\/i0.wp.com\/cpberiain.educacion.navarra.es\/web1\/wp-content\/uploads\/2017\/05\/Pizaroo-2.jpg?fit=1024%2C768&#038;ssl=1\" src=\"https:\/\/i0.wp.com\/cpberiain.educacion.navarra.es\/web1\/wp-content\/uploads\/2017\/05\/Pizaroo-2.jpg?w=162&#038;h=162&#038;crop=1&#038;ssl=1\" width=\"162\" height=\"162\" data-original-width=\"162\" data-original-height=\"162\" itemprop=\"http:\/\/schema.org\/image\" title=\"Pizarro 2\" alt=\"Pizarro 2\" style=\"width: 162px; height: 162px;\" \/> <\/a> <div class=\"tiled-gallery-caption\" itemprop=\"caption description\"> Pizarro 2 <\/div> <\/div> <\/div> <div class=\"gallery-group\" style=\"width: 166px; height: 166px;\" data-original-width=\"166\" data-original-height=\"166\" > <div class=\"tiled-gallery-item \" itemprop=\"associatedMedia\" itemscope itemtype=\"http:\/\/schema.org\/ImageObject\"> <a href=\"https:\/\/cpberiain.educacion.navarra.es\/web1\/6o-primaria-personajes-historicos-de-la-edad-moderna\/el-greco\/\" border=\"0\" itemprop=\"url\"> <meta itemprop=\"width\" content=\"162\"> <meta itemprop=\"height\" content=\"162\"> <img data-attachment-id=\"1162\" data-orig-file=\"https:\/\/cpberiain.educacion.navarra.es\/web1\/wp-content\/uploads\/2017\/05\/El-Greco.jpg\" data-orig-size=\"1024,576\" data-comments-opened=\"1\" data-image-meta=\"{&quot;aperture&quot;:&quot;0&quot;,&quot;credit&quot;:&quot;&quot;,&quot;camera&quot;:&quot;&quot;,&quot;caption&quot;:&quot;&quot;,&quot;created_timestamp&quot;:&quot;0&quot;,&quot;copyright&quot;:&quot;&quot;,&quot;focal_length&quot;:&quot;0&quot;,&quot;iso&quot;:&quot;0&quot;,&quot;shutter_speed&quot;:&quot;0&quot;,&quot;title&quot;:&quot;&quot;,&quot;orientation&quot;:&quot;0&quot;}\" data-image-title=\"El Greco\" data-image-description=\"&lt;p&gt;El Greco&lt;\/p&gt; \" data-medium-file=\"https:\/\/i0.wp.com\/cpberiain.educacion.navarra.es\/web1\/wp-content\/uploads\/2017\/05\/El-Greco.jpg?fit=300%2C169&#038;ssl=1\" data-large-file=\"https:\/\/i0.wp.com\/cpberiain.educacion.navarra.es\/web1\/wp-content\/uploads\/2017\/05\/El-Greco.jpg?fit=1024%2C576&#038;ssl=1\" src=\"https:\/\/i0.wp.com\/cpberiain.educacion.navarra.es\/web1\/wp-content\/uploads\/2017\/05\/El-Greco.jpg?w=162&#038;h=162&#038;crop=1&#038;ssl=1\" width=\"162\" height=\"162\" data-original-width=\"162\" data-original-height=\"162\" itemprop=\"http:\/\/schema.org\/image\" title=\"El Greco\" alt=\"El Greco\" style=\"width: 162px; height: 162px;\" \/> <\/a> <div class=\"tiled-gallery-caption\" itemprop=\"caption description\"> El Greco <\/div> <\/div> <\/div> <\/div> <div class=\"gallery-row\" style=\"width: 500px; height: 166px;\" data-original-width=\"500\" data-original-height=\"166\" > <div class=\"gallery-group\" style=\"width: 166px; height: 166px;\" data-original-width=\"166\" data-original-height=\"166\" > <div class=\"tiled-gallery-item \" itemprop=\"associatedMedia\" itemscope itemtype=\"http:\/\/schema.org\/ImageObject\"> <a href=\"https:\/\/cpberiain.educacion.navarra.es\/web1\/6o-primaria-personajes-historicos-de-la-edad-moderna\/colon\/\" border=\"0\" itemprop=\"url\"> <meta itemprop=\"width\" content=\"162\"> <meta itemprop=\"height\" content=\"162\"> <img data-attachment-id=\"1160\" data-orig-file=\"https:\/\/cpberiain.educacion.navarra.es\/web1\/wp-content\/uploads\/2017\/05\/Colon.jpg\" data-orig-size=\"1024,768\" data-comments-opened=\"1\" data-image-meta=\"{&quot;aperture&quot;:&quot;0&quot;,&quot;credit&quot;:&quot;&quot;,&quot;camera&quot;:&quot;&quot;,&quot;caption&quot;:&quot;&quot;,&quot;created_timestamp&quot;:&quot;0&quot;,&quot;copyright&quot;:&quot;&quot;,&quot;focal_length&quot;:&quot;0&quot;,&quot;iso&quot;:&quot;0&quot;,&quot;shutter_speed&quot;:&quot;0&quot;,&quot;title&quot;:&quot;&quot;,&quot;orientation&quot;:&quot;0&quot;}\" data-image-title=\"Crist\u00f3bal Col\u00f3n\" data-image-description=\"&lt;p&gt;Crist\u00f3bal Col\u00f3n&lt;\/p&gt; \" data-medium-file=\"https:\/\/i0.wp.com\/cpberiain.educacion.navarra.es\/web1\/wp-content\/uploads\/2017\/05\/Colon.jpg?fit=300%2C225&#038;ssl=1\" data-large-file=\"https:\/\/i0.wp.com\/cpberiain.educacion.navarra.es\/web1\/wp-content\/uploads\/2017\/05\/Colon.jpg?fit=1024%2C768&#038;ssl=1\" src=\"https:\/\/i0.wp.com\/cpberiain.educacion.navarra.es\/web1\/wp-content\/uploads\/2017\/05\/Colon.jpg?w=162&#038;h=162&#038;crop=1&#038;ssl=1\" width=\"162\" height=\"162\" data-original-width=\"162\" data-original-height=\"162\" itemprop=\"http:\/\/schema.org\/image\" title=\"Crist\u00f3bal Col\u00f3n\" alt=\"Crist\u00f3bal Col\u00f3n\" style=\"width: 162px; height: 162px;\" \/> <\/a> <div class=\"tiled-gallery-caption\" itemprop=\"caption description\"> Crist\u00f3bal Col\u00f3n <\/div> <\/div> <\/div> <div class=\"gallery-group\" style=\"width: 166px; height: 166px;\" data-original-width=\"166\" data-original-height=\"166\" > <div class=\"tiled-gallery-item \" itemprop=\"associatedMedia\" itemscope itemtype=\"http:\/\/schema.org\/ImageObject\"> <a href=\"https:\/\/cpberiain.educacion.navarra.es\/web1\/6o-primaria-personajes-historicos-de-la-edad-moderna\/cervantes\/\" border=\"0\" itemprop=\"url\"> <meta itemprop=\"width\" content=\"162\"> <meta itemprop=\"height\" content=\"162\"> <img data-attachment-id=\"1159\" data-orig-file=\"https:\/\/cpberiain.educacion.navarra.es\/web1\/wp-content\/uploads\/2017\/05\/Cervantes.jpg\" data-orig-size=\"1024,768\" data-comments-opened=\"1\" data-image-meta=\"{&quot;aperture&quot;:&quot;0&quot;,&quot;credit&quot;:&quot;&quot;,&quot;camera&quot;:&quot;&quot;,&quot;caption&quot;:&quot;&quot;,&quot;created_timestamp&quot;:&quot;0&quot;,&quot;copyright&quot;:&quot;&quot;,&quot;focal_length&quot;:&quot;0&quot;,&quot;iso&quot;:&quot;0&quot;,&quot;shutter_speed&quot;:&quot;0&quot;,&quot;title&quot;:&quot;&quot;,&quot;orientation&quot;:&quot;0&quot;}\" data-image-title=\"Cervantes\" data-image-description=\"&lt;p&gt;Cervantes&lt;\/p&gt; \" data-medium-file=\"https:\/\/i0.wp.com\/cpberiain.educacion.navarra.es\/web1\/wp-content\/uploads\/2017\/05\/Cervantes.jpg?fit=300%2C225&#038;ssl=1\" data-large-file=\"https:\/\/i0.wp.com\/cpberiain.educacion.navarra.es\/web1\/wp-content\/uploads\/2017\/05\/Cervantes.jpg?fit=1024%2C768&#038;ssl=1\" src=\"https:\/\/i0.wp.com\/cpberiain.educacion.navarra.es\/web1\/wp-content\/uploads\/2017\/05\/Cervantes.jpg?w=162&#038;h=162&#038;crop=1&#038;ssl=1\" width=\"162\" height=\"162\" data-original-width=\"162\" data-original-height=\"162\" itemprop=\"http:\/\/schema.org\/image\" title=\"Cervantes\" alt=\"Cervantes\" style=\"width: 162px; height: 162px;\" \/> <\/a> <div class=\"tiled-gallery-caption\" itemprop=\"caption description\"> Cervantes <\/div> <\/div> <\/div> <div class=\"gallery-group\" style=\"width: 166px; height: 166px;\" data-original-width=\"166\" data-original-height=\"166\" > <div class=\"tiled-gallery-item \" itemprop=\"associatedMedia\" itemscope itemtype=\"http:\/\/schema.org\/ImageObject\"> <a href=\"https:\/\/cpberiain.educacion.navarra.es\/web1\/6o-primaria-personajes-historicos-de-la-edad-moderna\/carlos-i\/\" border=\"0\" itemprop=\"url\"> <meta itemprop=\"width\" content=\"162\"> <meta itemprop=\"height\" content=\"162\"> <img data-attachment-id=\"1197\" data-orig-file=\"https:\/\/cpberiain.educacion.navarra.es\/web1\/wp-content\/uploads\/2017\/05\/Carlos-I.jpg\" data-orig-size=\"804,848\" data-comments-opened=\"1\" data-image-meta=\"{&quot;aperture&quot;:&quot;0&quot;,&quot;credit&quot;:&quot;&quot;,&quot;camera&quot;:&quot;&quot;,&quot;caption&quot;:&quot;&quot;,&quot;created_timestamp&quot;:&quot;0&quot;,&quot;copyright&quot;:&quot;&quot;,&quot;focal_length&quot;:&quot;0&quot;,&quot;iso&quot;:&quot;0&quot;,&quot;shutter_speed&quot;:&quot;0&quot;,&quot;title&quot;:&quot;&quot;,&quot;orientation&quot;:&quot;0&quot;}\" data-image-title=\"Carlos I\" data-image-description=\"&lt;p&gt;Carlos I&lt;\/p&gt; \" data-medium-file=\"https:\/\/i0.wp.com\/cpberiain.educacion.navarra.es\/web1\/wp-content\/uploads\/2017\/05\/Carlos-I.jpg?fit=284%2C300&#038;ssl=1\" data-large-file=\"https:\/\/i0.wp.com\/cpberiain.educacion.navarra.es\/web1\/wp-content\/uploads\/2017\/05\/Carlos-I.jpg?fit=804%2C848&#038;ssl=1\" src=\"https:\/\/i0.wp.com\/cpberiain.educacion.navarra.es\/web1\/wp-content\/uploads\/2017\/05\/Carlos-I.jpg?w=162&#038;h=162&#038;crop=1&#038;ssl=1\" width=\"162\" height=\"162\" data-original-width=\"162\" data-original-height=\"162\" itemprop=\"http:\/\/schema.org\/image\" title=\"Carlos I\" alt=\"Carlos I\" style=\"width: 162px; height: 162px;\" \/> <\/a> <div class=\"tiled-gallery-caption\" itemprop=\"caption description\"> Carlos I <\/div> <\/div> <\/div> <\/div> <div class=\"gallery-row\" style=\"width: 500px; height: 166px;\" data-original-width=\"500\" data-original-height=\"166\" > <div class=\"gallery-group\" style=\"width: 166px; height: 166px;\" data-original-width=\"166\" data-original-height=\"166\" > <div class=\"tiled-gallery-item \" itemprop=\"associatedMedia\" itemscope itemtype=\"http:\/\/schema.org\/ImageObject\"> <a href=\"https:\/\/cpberiain.educacion.navarra.es\/web1\/6o-primaria-personajes-historicos-de-la-edad-moderna\/calderon-de-la-barca\/\" border=\"0\" itemprop=\"url\"> <meta itemprop=\"width\" content=\"162\"> <meta itemprop=\"height\" content=\"162\"> <img data-attachment-id=\"1157\" data-orig-file=\"https:\/\/cpberiain.educacion.navarra.es\/web1\/wp-content\/uploads\/2017\/05\/Calderon-de-la-Barca.jpg\" data-orig-size=\"1024,768\" data-comments-opened=\"1\" data-image-meta=\"{&quot;aperture&quot;:&quot;0&quot;,&quot;credit&quot;:&quot;&quot;,&quot;camera&quot;:&quot;&quot;,&quot;caption&quot;:&quot;&quot;,&quot;created_timestamp&quot;:&quot;0&quot;,&quot;copyright&quot;:&quot;&quot;,&quot;focal_length&quot;:&quot;0&quot;,&quot;iso&quot;:&quot;0&quot;,&quot;shutter_speed&quot;:&quot;0&quot;,&quot;title&quot;:&quot;&quot;,&quot;orientation&quot;:&quot;0&quot;}\" data-image-title=\"Calderon de la Barca\" data-image-description=\"&lt;p&gt;Calderon de la Barca&lt;\/p&gt; \" data-medium-file=\"https:\/\/i0.wp.com\/cpberiain.educacion.navarra.es\/web1\/wp-content\/uploads\/2017\/05\/Calderon-de-la-Barca.jpg?fit=300%2C225&#038;ssl=1\" data-large-file=\"https:\/\/i0.wp.com\/cpberiain.educacion.navarra.es\/web1\/wp-content\/uploads\/2017\/05\/Calderon-de-la-Barca.jpg?fit=1024%2C768&#038;ssl=1\" src=\"https:\/\/i0.wp.com\/cpberiain.educacion.navarra.es\/web1\/wp-content\/uploads\/2017\/05\/Calderon-de-la-Barca.jpg?w=162&#038;h=162&#038;crop=1&#038;ssl=1\" width=\"162\" height=\"162\" data-original-width=\"162\" data-original-height=\"162\" itemprop=\"http:\/\/schema.org\/image\" title=\"Calderon de la Barca\" alt=\"Calderon de la Barca\" style=\"width: 162px; height: 162px;\" \/> <\/a> <div class=\"tiled-gallery-caption\" itemprop=\"caption description\"> Calderon de la Barca <\/div> <\/div> <\/div> <div class=\"gallery-group\" style=\"width: 166px; height: 166px;\" data-original-width=\"166\" data-original-height=\"166\" > <div class=\"tiled-gallery-item \" itemprop=\"associatedMedia\" itemscope itemtype=\"http:\/\/schema.org\/ImageObject\"> <a href=\"https:\/\/cpberiain.educacion.navarra.es\/web1\/6o-primaria-personajes-historicos-de-la-edad-moderna\/calderon-de-la-barca-2\/\" border=\"0\" itemprop=\"url\"> <meta itemprop=\"width\" content=\"162\"> <meta itemprop=\"height\" content=\"162\"> <img data-attachment-id=\"1156\" data-orig-file=\"https:\/\/cpberiain.educacion.navarra.es\/web1\/wp-content\/uploads\/2017\/05\/Calderon-de-la-Barca-2.jpg\" data-orig-size=\"1024,768\" data-comments-opened=\"1\" data-image-meta=\"{&quot;aperture&quot;:&quot;0&quot;,&quot;credit&quot;:&quot;&quot;,&quot;camera&quot;:&quot;&quot;,&quot;caption&quot;:&quot;&quot;,&quot;created_timestamp&quot;:&quot;0&quot;,&quot;copyright&quot;:&quot;&quot;,&quot;focal_length&quot;:&quot;0&quot;,&quot;iso&quot;:&quot;0&quot;,&quot;shutter_speed&quot;:&quot;0&quot;,&quot;title&quot;:&quot;&quot;,&quot;orientation&quot;:&quot;0&quot;}\" data-image-title=\"Calderon de la Barca\" data-image-description=\"&lt;p&gt;Calderon de la Barca&lt;\/p&gt; \" data-medium-file=\"https:\/\/i0.wp.com\/cpberiain.educacion.navarra.es\/web1\/wp-content\/uploads\/2017\/05\/Calderon-de-la-Barca-2.jpg?fit=300%2C225&#038;ssl=1\" data-large-file=\"https:\/\/i0.wp.com\/cpberiain.educacion.navarra.es\/web1\/wp-content\/uploads\/2017\/05\/Calderon-de-la-Barca-2.jpg?fit=1024%2C768&#038;ssl=1\" src=\"https:\/\/i0.wp.com\/cpberiain.educacion.navarra.es\/web1\/wp-content\/uploads\/2017\/05\/Calderon-de-la-Barca-2.jpg?w=162&#038;h=162&#038;crop=1&#038;ssl=1\" width=\"162\" height=\"162\" data-original-width=\"162\" data-original-height=\"162\" itemprop=\"http:\/\/schema.org\/image\" title=\"Calderon de la Barca\" alt=\"Calderon de la Barca\" style=\"width: 162px; height: 162px;\" \/> <\/a> <div class=\"tiled-gallery-caption\" itemprop=\"caption description\"> Calderon de la Barca <\/div> <\/div> <\/div> <div class=\"gallery-group\" style=\"width: 166px; height: 166px;\" data-original-width=\"166\" data-original-height=\"166\" > <div class=\"tiled-gallery-item \" itemprop=\"associatedMedia\" itemscope itemtype=\"http:\/\/schema.org\/ImageObject\"> <a href=\"https:\/\/cpberiain.educacion.navarra.es\/web1\/6o-primaria-personajes-historicos-de-la-edad-moderna\/archiduque-carlos-de-alemania\/\" border=\"0\" itemprop=\"url\"> <meta itemprop=\"width\" content=\"162\"> <meta itemprop=\"height\" content=\"162\"> <img data-attachment-id=\"1155\" data-orig-file=\"https:\/\/cpberiain.educacion.navarra.es\/web1\/wp-content\/uploads\/2017\/05\/Archiduque-Carlos-de-Alemania.jpg\" data-orig-size=\"1024,768\" data-comments-opened=\"1\" data-image-meta=\"{&quot;aperture&quot;:&quot;0&quot;,&quot;credit&quot;:&quot;&quot;,&quot;camera&quot;:&quot;&quot;,&quot;caption&quot;:&quot;&quot;,&quot;created_timestamp&quot;:&quot;0&quot;,&quot;copyright&quot;:&quot;&quot;,&quot;focal_length&quot;:&quot;0&quot;,&quot;iso&quot;:&quot;0&quot;,&quot;shutter_speed&quot;:&quot;0&quot;,&quot;title&quot;:&quot;&quot;,&quot;orientation&quot;:&quot;0&quot;}\" data-image-title=\"Archiduque Carlos de Alemania\" data-image-description=\"&lt;p&gt;Archiduque Carlos de Alemania&lt;\/p&gt; \" data-medium-file=\"https:\/\/i0.wp.com\/cpberiain.educacion.navarra.es\/web1\/wp-content\/uploads\/2017\/05\/Archiduque-Carlos-de-Alemania.jpg?fit=300%2C225&#038;ssl=1\" data-large-file=\"https:\/\/i0.wp.com\/cpberiain.educacion.navarra.es\/web1\/wp-content\/uploads\/2017\/05\/Archiduque-Carlos-de-Alemania.jpg?fit=1024%2C768&#038;ssl=1\" src=\"https:\/\/i0.wp.com\/cpberiain.educacion.navarra.es\/web1\/wp-content\/uploads\/2017\/05\/Archiduque-Carlos-de-Alemania.jpg?w=162&#038;h=162&#038;crop=1&#038;ssl=1\" width=\"162\" height=\"162\" data-original-width=\"162\" data-original-height=\"162\" itemprop=\"http:\/\/schema.org\/image\" title=\"Archiduque Carlos de Alemania\" alt=\"Archiduque Carlos de Alemania\" style=\"width: 162px; height: 162px;\" \/> <\/a> <div class=\"tiled-gallery-caption\" itemprop=\"caption description\"> Archiduque Carlos de Alemania <\/div> <\/div> <\/div> <\/div> <\/div>\n","protected":false},"excerpt":{"rendered":"<p>\u00a1Sexto quiere hacer historia! Los alumnos y alumnas de 6\u00ba han decidido disfrazarse tal y como vest\u00edan en la Edad Moderna:\u00a0 Col\u00f3n, Cervantes, Vel\u00e1zquez&#8230; hasta Zurbar\u00e1n o Calder\u00f3n de la Barca han revivido en clase. Cada uno ha investigado acerca de un personaje y ha explicado lo aprendido con ayuda de un PowerPoint. \u00bfPod\u00e9is reconocer [&hellip;]<\/p>\n","protected":false},"author":1,"featured_media":0,"comment_status":"open","ping_status":"open","sticky":false,"template":"","format":"standard","meta":{"_genesis_hide_title":false,"_genesis_hide_breadcrumbs":false,"_genesis_hide_singular_image":false,"_genesis_hide_footer_widgets":false,"_genesis_custom_body_class":"","_genesis_custom_post_class":"","_genesis_layout":"","jetpack_post_was_ever_published":false,"jetpack_publicize_message":"","jetpack_is_tweetstorm":false,"jetpack_publicize_feature_enabled":true},"categories":[54],"tags":[],"jetpack_publicize_connections":[],"jetpack_featured_media_url":"","jetpack_sharing_enabled":true,"_links":{"self":[{"href":"https:\/\/cpberiain.educacion.navarra.es\/web1\/wp-json\/wp\/v2\/posts\/1154"}],"collection":[{"href":"https:\/\/cpberiain.educacion.navarra.es\/web1\/wp-json\/wp\/v2\/posts"}],"about":[{"href":"https:\/\/cpberiain.educacion.navarra.es\/web1\/wp-json\/wp\/v2\/types\/post"}],"author":[{"embeddable":true,"href":"https:\/\/cpberiain.educacion.navarra.es\/web1\/wp-json\/wp\/v2\/users\/1"}],"replies":[{"embeddable":true,"href":"https:\/\/cpberiain.educacion.navarra.es\/web1\/wp-json\/wp\/v2\/comments?post=1154"}],"version-history":[{"count":9,"href":"https:\/\/cpberiain.educacion.navarra.es\/web1\/wp-json\/wp\/v2\/posts\/1154\/revisions"}],"predecessor-version":[{"id":1202,"href":"https:\/\/cpberiain.educacion.navarra.es\/web1\/wp-json\/wp\/v2\/posts\/1154\/revisions\/1202"}],"wp:attachment":[{"href":"https:\/\/cpberiain.educacion.navarra.es\/web1\/wp-json\/wp\/v2\/media?parent=1154"}],"wp:term":[{"taxonomy":"category","embeddable":true,"href":"https:\/\/cpberiain.educacion.navarra.es\/web1\/wp-json\/wp\/v2\/categories?post=1154"},{"taxonomy":"post_tag","embeddable":true,"href":"https:\/\/cpberiain.educacion.navarra.es\/web1\/wp-json\/wp\/v2\/tags?post=1154"}],"curies":[{"name":"wp","href":"https:\/\/api.w.org\/{rel}","templated":true}]}}