{"id":1881,"date":"2018-11-24T00:00:33","date_gmt":"2018-11-23T23:00:33","guid":{"rendered":"https:\/\/cpberiain.educacion.navarra.es\/web1\/?p=1881"},"modified":"2019-05-15T09:49:45","modified_gmt":"2019-05-15T07:49:45","slug":"solicitud-de-proroga-de-la-jornada-continua","status":"publish","type":"post","link":"https:\/\/cpberiain.educacion.navarra.es\/web1\/solicitud-de-proroga-de-la-jornada-continua\/","title":{"rendered":"SOLICITUD DE PRORROGA DE LA JORNADA CONTINUA- curso 2019-20"},"content":{"rendered":"<p>Los colegios que tenemos autorizada la Jornada continua para este curso, debemos solicitar la prorroga de la misma para el curso que viene, antes del 1 de diciembre de 2018.<a href=\"https:\/\/i0.wp.com\/cpberiain.educacion.navarra.es\/web1\/wp-content\/uploads\/2018\/11\/Beriaingo-eskola.jpg?ssl=1\"><img data-attachment-id=\"1889\" data-permalink=\"https:\/\/cpberiain.educacion.navarra.es\/web1\/solicitud-de-proroga-de-la-jornada-continua\/beriaingo-eskola-2\/\" data-orig-file=\"https:\/\/i0.wp.com\/cpberiain.educacion.navarra.es\/web1\/wp-content\/uploads\/2018\/11\/Beriaingo-eskola.jpg?fit=4049%2C1429&amp;ssl=1\" data-orig-size=\"4049,1429\" data-comments-opened=\"1\" data-image-meta=\"{&quot;aperture&quot;:&quot;0&quot;,&quot;credit&quot;:&quot;&quot;,&quot;camera&quot;:&quot;&quot;,&quot;caption&quot;:&quot;&quot;,&quot;created_timestamp&quot;:&quot;0&quot;,&quot;copyright&quot;:&quot;&quot;,&quot;focal_length&quot;:&quot;0&quot;,&quot;iso&quot;:&quot;0&quot;,&quot;shutter_speed&quot;:&quot;0&quot;,&quot;title&quot;:&quot;&quot;,&quot;orientation&quot;:&quot;0&quot;}\" data-image-title=\"Beriaingo eskola\" data-image-description=\"\" data-image-caption=\"\" data-medium-file=\"https:\/\/i0.wp.com\/cpberiain.educacion.navarra.es\/web1\/wp-content\/uploads\/2018\/11\/Beriaingo-eskola.jpg?fit=300%2C106&amp;ssl=1\" data-large-file=\"https:\/\/i0.wp.com\/cpberiain.educacion.navarra.es\/web1\/wp-content\/uploads\/2018\/11\/Beriaingo-eskola.jpg?fit=1024%2C361&amp;ssl=1\" loading=\"lazy\" class=\"wp-image-1889 alignleft\" src=\"https:\/\/i0.wp.com\/cpberiain.educacion.navarra.es\/web1\/wp-content\/uploads\/2018\/11\/Beriaingo-eskola.jpg?resize=334%2C118&#038;ssl=1\" alt=\"\" width=\"334\" height=\"118\" srcset=\"https:\/\/i0.wp.com\/cpberiain.educacion.navarra.es\/web1\/wp-content\/uploads\/2018\/11\/Beriaingo-eskola.jpg?w=4049&amp;ssl=1 4049w, https:\/\/i0.wp.com\/cpberiain.educacion.navarra.es\/web1\/wp-content\/uploads\/2018\/11\/Beriaingo-eskola.jpg?resize=300%2C106&amp;ssl=1 300w, https:\/\/i0.wp.com\/cpberiain.educacion.navarra.es\/web1\/wp-content\/uploads\/2018\/11\/Beriaingo-eskola.jpg?resize=768%2C271&amp;ssl=1 768w, https:\/\/i0.wp.com\/cpberiain.educacion.navarra.es\/web1\/wp-content\/uploads\/2018\/11\/Beriaingo-eskola.jpg?resize=1024%2C361&amp;ssl=1 1024w, https:\/\/i0.wp.com\/cpberiain.educacion.navarra.es\/web1\/wp-content\/uploads\/2018\/11\/Beriaingo-eskola.jpg?w=2000&amp;ssl=1 2000w, https:\/\/i0.wp.com\/cpberiain.educacion.navarra.es\/web1\/wp-content\/uploads\/2018\/11\/Beriaingo-eskola.jpg?w=3000&amp;ssl=1 3000w\" sizes=\"(max-width: 334px) 100vw, 334px\" data-recalc-dims=\"1\" \/><\/a><\/p>\n<p>Esto es lo que explica la Resoluci\u00f3n 538\/2018, de 22 de octubre, del Director General de Educaci\u00f3n, que establece el procedimiento de solicitud de pr\u00f3rroga de la jornada continua o flexible, para el curso 2019\/2020, para los centros educativos que la tienen autorizada.<\/p>\n<p>Se ha adelantado la fecha de la toma de decisi\u00f3n de junio a diciembre para que, durante el periodo de pre-matriculaci\u00f3n, las familias que quieran matricular a sus hijos\/as en nuestro centro, sepan cual va a ser el escenario que se van a encontrar el curso siguiente.<\/p>\n<p>&nbsp;<\/p>\n<p>Nuestro colegio, siguiendo lo estipulado en la citada Resoluci\u00f3n, celebr\u00f3 una reuni\u00f3n de Consejo Escolar el dia 21 de noviembre de 2018.<\/p>\n<p>En la misma hizo una evaluaci\u00f3n del funcionamiento tanto de la Jornada Continua como de las extraescolares. Esta evaluaci\u00f3n, se recogi\u00f3 en un informe presentado por la direcci\u00f3n del centro y que se puede consultar en este enlace:<\/p>\n<p><a href=\"https:\/\/cpberiain.educacion.navarra.es\/web1\/wp-content\/uploads\/2018\/11\/Informe-Jornada-cont\u00ednua-CONSEJO-ESCOLAR.docx\">Informe Jornada cont\u00ednua CONSEJO ESCOLAR<\/a><\/p>\n<p>Tras debatir sobre el tema, se hizo una votaci\u00f3n que arroj\u00f3 el siguiente resultado:<\/p>\n<div class=\"su-table su-table-responsive su-table-alternate\">\n<table style=\"height: 139px\" width=\"376\">\n<tbody>\n<tr>\n<td>Total de representantes con derecho a voto<\/td>\n<td>13<\/td>\n<\/tr>\n<tr>\n<td>A favor de la prorroga de la Jornada continua<\/td>\n<td>13<\/td>\n<\/tr>\n<tr>\n<td>En contra<\/td>\n<td>0<\/td>\n<\/tr>\n<tr>\n<td>Abstenciones<\/td>\n<td>0<\/td>\n<\/tr>\n<\/tbody>\n<\/table>\n<\/div>\n<p>Por tanto, se solicita al Departamento mantener la Jornada continua el curso que viene.<\/p>\n","protected":false},"excerpt":{"rendered":"<p>Los colegios que tenemos autorizada la Jornada continua para este curso, debemos solicitar la prorroga de la misma para el curso que viene, antes del 1 de diciembre de 2018. Esto es lo que explica la Resoluci\u00f3n 538\/2018, de 22 de octubre, del Director General de Educaci\u00f3n, que establece el procedimiento de solicitud de pr\u00f3rroga [&hellip;]<\/p>\n","protected":false},"author":1,"featured_media":0,"comment_status":"open","ping_status":"open","sticky":false,"template":"","format":"standard","meta":{"_genesis_hide_title":false,"_genesis_hide_breadcrumbs":false,"_genesis_hide_singular_image":false,"_genesis_hide_footer_widgets":false,"_genesis_custom_body_class":"","_genesis_custom_post_class":"","_genesis_layout":"","jetpack_post_was_ever_published":false,"jetpack_publicize_message":"","jetpack_is_tweetstorm":false,"jetpack_publicize_feature_enabled":true},"categories":[1],"tags":[],"jetpack_publicize_connections":[],"jetpack_featured_media_url":"","jetpack_sharing_enabled":true,"_links":{"self":[{"href":"https:\/\/cpberiain.educacion.navarra.es\/web1\/wp-json\/wp\/v2\/posts\/1881"}],"collection":[{"href":"https:\/\/cpberiain.educacion.navarra.es\/web1\/wp-json\/wp\/v2\/posts"}],"about":[{"href":"https:\/\/cpberiain.educacion.navarra.es\/web1\/wp-json\/wp\/v2\/types\/post"}],"author":[{"embeddable":true,"href":"https:\/\/cpberiain.educacion.navarra.es\/web1\/wp-json\/wp\/v2\/users\/1"}],"replies":[{"embeddable":true,"href":"https:\/\/cpberiain.educacion.navarra.es\/web1\/wp-json\/wp\/v2\/comments?post=1881"}],"version-history":[{"count":8,"href":"https:\/\/cpberiain.educacion.navarra.es\/web1\/wp-json\/wp\/v2\/posts\/1881\/revisions"}],"predecessor-version":[{"id":1896,"href":"https:\/\/cpberiain.educacion.navarra.es\/web1\/wp-json\/wp\/v2\/posts\/1881\/revisions\/1896"}],"wp:attachment":[{"href":"https:\/\/cpberiain.educacion.navarra.es\/web1\/wp-json\/wp\/v2\/media?parent=1881"}],"wp:term":[{"taxonomy":"category","embeddable":true,"href":"https:\/\/cpberiain.educacion.navarra.es\/web1\/wp-json\/wp\/v2\/categories?post=1881"},{"taxonomy":"post_tag","embeddable":true,"href":"https:\/\/cpberiain.educacion.navarra.es\/web1\/wp-json\/wp\/v2\/tags?post=1881"}],"curies":[{"name":"wp","href":"https:\/\/api.w.org\/{rel}","templated":true}]}}