{"id":1910,"date":"2018-12-14T18:34:33","date_gmt":"2018-12-14T17:34:33","guid":{"rendered":"https:\/\/cpberiain.educacion.navarra.es\/web1\/?p=1910"},"modified":"2018-12-15T11:49:15","modified_gmt":"2018-12-15T10:49:15","slug":"actividad-plastica-extra-escolares-infantil","status":"publish","type":"post","link":"https:\/\/cpberiain.educacion.navarra.es\/web1\/actividad-plastica-extra-escolares-infantil\/","title":{"rendered":"Actividad Pl\u00e1stica &#8211; Extraescolares Infantil"},"content":{"rendered":"<p>Os presentamos las fant\u00e1sticas producciones que nuestros alumnos\/as de Educaci\u00f3n Infantil han realizado durante las extraescolares en la tarde de los jueves<\/p>\n<p>\u00a1 Nuestro ni\u00f1os y ni\u00f1as de 3, 4 y 5 a\u00f1os son unos artistas! Como veis han utilizado diferentes t\u00e9cnicas y colores.<\/p>\n<p>Haz click en la fotograf\u00eda para poder seguir disfrutando de sus peque\u00f1as grandes obras.<\/p>\n<p><a href=\"https:\/\/photos.google.com\/share\/AF1QipMmHrsn4PYONWVdFMwkd2vxFwuu9O-D9r78nX7LaANr4WgsQSGRCuDHXNRf8TK-PA?key=TmpwQXdJVkRfdGhORWpPa0pmZVlLd2dZc1A4ODlB\"><img data-attachment-id=\"1911\" data-permalink=\"https:\/\/cpberiain.educacion.navarra.es\/web1\/actividad-plastica-extra-escolares-infantil\/20181011_164406-copia\/\" data-orig-file=\"https:\/\/i0.wp.com\/cpberiain.educacion.navarra.es\/web1\/wp-content\/uploads\/2018\/12\/20181011_164406-copia.jpg?fit=4160%2C3120&amp;ssl=1\" data-orig-size=\"4160,3120\" data-comments-opened=\"1\" data-image-meta=\"{&quot;aperture&quot;:&quot;2.2&quot;,&quot;credit&quot;:&quot;&quot;,&quot;camera&quot;:&quot;LG-M700&quot;,&quot;caption&quot;:&quot;&quot;,&quot;created_timestamp&quot;:&quot;1539276246&quot;,&quot;copyright&quot;:&quot;&quot;,&quot;focal_length&quot;:&quot;3.701&quot;,&quot;iso&quot;:&quot;200&quot;,&quot;shutter_speed&quot;:&quot;0.04&quot;,&quot;title&quot;:&quot;&quot;,&quot;orientation&quot;:&quot;1&quot;}\" data-image-title=\"20181011_164406 &#8211; copia\" data-image-description=\"\" data-image-caption=\"\" data-medium-file=\"https:\/\/i0.wp.com\/cpberiain.educacion.navarra.es\/web1\/wp-content\/uploads\/2018\/12\/20181011_164406-copia.jpg?fit=300%2C225&amp;ssl=1\" data-large-file=\"https:\/\/i0.wp.com\/cpberiain.educacion.navarra.es\/web1\/wp-content\/uploads\/2018\/12\/20181011_164406-copia.jpg?fit=1024%2C768&amp;ssl=1\" loading=\"lazy\" class=\"alignnone size-medium wp-image-1911\" src=\"https:\/\/i0.wp.com\/cpberiain.educacion.navarra.es\/web1\/wp-content\/uploads\/2018\/12\/20181011_164406-copia.jpg?resize=300%2C225&#038;ssl=1\" alt=\"\" width=\"300\" height=\"225\" srcset=\"https:\/\/i0.wp.com\/cpberiain.educacion.navarra.es\/web1\/wp-content\/uploads\/2018\/12\/20181011_164406-copia.jpg?resize=300%2C225&amp;ssl=1 300w, https:\/\/i0.wp.com\/cpberiain.educacion.navarra.es\/web1\/wp-content\/uploads\/2018\/12\/20181011_164406-copia.jpg?resize=768%2C576&amp;ssl=1 768w, https:\/\/i0.wp.com\/cpberiain.educacion.navarra.es\/web1\/wp-content\/uploads\/2018\/12\/20181011_164406-copia.jpg?resize=1024%2C768&amp;ssl=1 1024w, https:\/\/i0.wp.com\/cpberiain.educacion.navarra.es\/web1\/wp-content\/uploads\/2018\/12\/20181011_164406-copia.jpg?w=2000&amp;ssl=1 2000w, https:\/\/i0.wp.com\/cpberiain.educacion.navarra.es\/web1\/wp-content\/uploads\/2018\/12\/20181011_164406-copia.jpg?w=3000&amp;ssl=1 3000w\" sizes=\"(max-width: 300px) 100vw, 300px\" data-recalc-dims=\"1\" \/><\/a><\/p>\n","protected":false},"excerpt":{"rendered":"<p>Os presentamos las fant\u00e1sticas producciones que nuestros alumnos\/as de Educaci\u00f3n Infantil han realizado durante las extraescolares en la tarde de los jueves \u00a1 Nuestro ni\u00f1os y ni\u00f1as de 3, 4 y 5 a\u00f1os son unos artistas! Como veis han utilizado diferentes t\u00e9cnicas y colores. Haz click en la fotograf\u00eda para poder seguir disfrutando de sus [&hellip;]<\/p>\n","protected":false},"author":13,"featured_media":0,"comment_status":"open","ping_status":"open","sticky":false,"template":"","format":"standard","meta":{"_genesis_hide_title":false,"_genesis_hide_breadcrumbs":false,"_genesis_hide_singular_image":false,"_genesis_hide_footer_widgets":false,"_genesis_custom_body_class":"","_genesis_custom_post_class":"","_genesis_layout":"","jetpack_post_was_ever_published":false,"jetpack_publicize_message":"","jetpack_is_tweetstorm":false,"jetpack_publicize_feature_enabled":true},"categories":[58,1],"tags":[],"jetpack_publicize_connections":[],"jetpack_featured_media_url":"","jetpack_sharing_enabled":true,"_links":{"self":[{"href":"https:\/\/cpberiain.educacion.navarra.es\/web1\/wp-json\/wp\/v2\/posts\/1910"}],"collection":[{"href":"https:\/\/cpberiain.educacion.navarra.es\/web1\/wp-json\/wp\/v2\/posts"}],"about":[{"href":"https:\/\/cpberiain.educacion.navarra.es\/web1\/wp-json\/wp\/v2\/types\/post"}],"author":[{"embeddable":true,"href":"https:\/\/cpberiain.educacion.navarra.es\/web1\/wp-json\/wp\/v2\/users\/13"}],"replies":[{"embeddable":true,"href":"https:\/\/cpberiain.educacion.navarra.es\/web1\/wp-json\/wp\/v2\/comments?post=1910"}],"version-history":[{"count":7,"href":"https:\/\/cpberiain.educacion.navarra.es\/web1\/wp-json\/wp\/v2\/posts\/1910\/revisions"}],"predecessor-version":[{"id":1920,"href":"https:\/\/cpberiain.educacion.navarra.es\/web1\/wp-json\/wp\/v2\/posts\/1910\/revisions\/1920"}],"wp:attachment":[{"href":"https:\/\/cpberiain.educacion.navarra.es\/web1\/wp-json\/wp\/v2\/media?parent=1910"}],"wp:term":[{"taxonomy":"category","embeddable":true,"href":"https:\/\/cpberiain.educacion.navarra.es\/web1\/wp-json\/wp\/v2\/categories?post=1910"},{"taxonomy":"post_tag","embeddable":true,"href":"https:\/\/cpberiain.educacion.navarra.es\/web1\/wp-json\/wp\/v2\/tags?post=1910"}],"curies":[{"name":"wp","href":"https:\/\/api.w.org\/{rel}","templated":true}]}}