{"id":2760,"date":"2019-06-26T14:14:28","date_gmt":"2019-06-26T12:14:28","guid":{"rendered":"https:\/\/cpberiain.educacion.navarra.es\/web1\/?p=2760"},"modified":"2019-06-26T19:38:08","modified_gmt":"2019-06-26T17:38:08","slug":"oh-the-places-youll-go-despedida-6oep","status":"publish","type":"post","link":"https:\/\/cpberiain.educacion.navarra.es\/web1\/oh-the-places-youll-go-despedida-6oep\/","title":{"rendered":"Despedimos a  6\u00baEP y estrenamos cartel"},"content":{"rendered":"\n<p><em>\u00abMonta en tu globo y vuela alto\u00bb,<\/em><\/p>\n\n\n\n<p><em> \u00abOh, the places you&#8217;ll go\u00bb<\/em>&#8230;<\/p>\n\n\n\n<figure class=\"wp-block-image\"><img data-attachment-id=\"2840\" data-permalink=\"https:\/\/cpberiain.educacion.navarra.es\/web1\/oh-the-places-youll-go-despedida-6oep\/sexto333422\/\" data-orig-file=\"https:\/\/i0.wp.com\/cpberiain.educacion.navarra.es\/web1\/wp-content\/uploads\/2019\/06\/sexto333422.jpg?fit=1176%2C882&amp;ssl=1\" data-orig-size=\"1176,882\" data-comments-opened=\"1\" data-image-meta=\"{&quot;aperture&quot;:&quot;0&quot;,&quot;credit&quot;:&quot;&quot;,&quot;camera&quot;:&quot;&quot;,&quot;caption&quot;:&quot;&quot;,&quot;created_timestamp&quot;:&quot;0&quot;,&quot;copyright&quot;:&quot;&quot;,&quot;focal_length&quot;:&quot;0&quot;,&quot;iso&quot;:&quot;0&quot;,&quot;shutter_speed&quot;:&quot;0&quot;,&quot;title&quot;:&quot;&quot;,&quot;orientation&quot;:&quot;1&quot;}\" data-image-title=\"sexto333422\" data-image-description=\"\" data-image-caption=\"\" data-medium-file=\"https:\/\/i0.wp.com\/cpberiain.educacion.navarra.es\/web1\/wp-content\/uploads\/2019\/06\/sexto333422.jpg?fit=300%2C225&amp;ssl=1\" data-large-file=\"https:\/\/i0.wp.com\/cpberiain.educacion.navarra.es\/web1\/wp-content\/uploads\/2019\/06\/sexto333422.jpg?fit=1024%2C768&amp;ssl=1\" loading=\"lazy\" width=\"1024\" height=\"768\" src=\"https:\/\/i0.wp.com\/cpberiain.educacion.navarra.es\/web1\/wp-content\/uploads\/2019\/06\/sexto333422.jpg?resize=1024%2C768&#038;ssl=1\" alt=\"\" class=\"wp-image-2840\" srcset=\"https:\/\/i0.wp.com\/cpberiain.educacion.navarra.es\/web1\/wp-content\/uploads\/2019\/06\/sexto333422.jpg?resize=1024%2C768&amp;ssl=1 1024w, https:\/\/i0.wp.com\/cpberiain.educacion.navarra.es\/web1\/wp-content\/uploads\/2019\/06\/sexto333422.jpg?resize=300%2C225&amp;ssl=1 300w, https:\/\/i0.wp.com\/cpberiain.educacion.navarra.es\/web1\/wp-content\/uploads\/2019\/06\/sexto333422.jpg?resize=768%2C576&amp;ssl=1 768w, https:\/\/i0.wp.com\/cpberiain.educacion.navarra.es\/web1\/wp-content\/uploads\/2019\/06\/sexto333422.jpg?w=1176&amp;ssl=1 1176w\" sizes=\"(max-width: 1000px) 100vw, 1000px\" data-recalc-dims=\"1\" \/><\/figure>\n\n\n\n<p>Ya hemos celebrado la fiesta de despedida de 6\u00ba. Estos ni\u00f1os y ni\u00f1as acaban su etapa en nuestra escuela y comienzan el a\u00f1o que viene sus estudios ESO en el Instituto de Mendillorri.<\/p>\n\n\n\n<!--more-->\n\n\n\n<p>Todos muy emocionados recibieron sus diplomas y obsequios. Adem\u00e1s, entre abrazos y l\u00e1grimas de afecto, los ni\u00f1os y ni\u00f1as aprovecharon la oportunidad para despedirse de las compa\u00f1eras que seguir\u00e1n otro camino el a\u00f1o que viene, en otros centros e incluso otros pa\u00edses. <\/p>\n\n\n\n<p>Son dos grupos que se han caracterizado por su capacidad emprendedora, por sus buenas relaciones sociales y por su motivaci\u00f3n a la hora de trabajar los proyectos de aula. Sus resultados acad\u00e9micos tambi\u00e9n han sido excelentes.  Nuestro director, Joxe, lo recalc\u00f3 en su discurso, dese\u00e1ndoles tambi\u00e9n lo mejor para su futuro.<\/p>\n\n\n\n<p>Adem\u00e1s desde el cole queremos alabar la buena iniciativa de estos los alumnos y alumnas puesto que con la recaudaci\u00f3n de la fiesta de fin de curso de la APYMA, han  encargado un nuevo cartel para la entrada de nuestro centro. Han querido as\u00ed agradecer su paso por la escuela. <\/p>\n\n\n\n<p>\u00a1Muchas gracias por ser tan generosos! <\/p>\n\n\n\n<p>No os olvidaremos.<\/p>\n\n\n\n<figure class=\"wp-block-image\"><img data-attachment-id=\"2831\" data-permalink=\"https:\/\/cpberiain.educacion.navarra.es\/web1\/oh-the-places-youll-go-despedida-6oep\/img-20190625-wa0062-1\/\" data-orig-file=\"https:\/\/i0.wp.com\/cpberiain.educacion.navarra.es\/web1\/wp-content\/uploads\/2019\/06\/IMG-20190625-WA0062-1.jpg?fit=1600%2C1200&amp;ssl=1\" data-orig-size=\"1600,1200\" data-comments-opened=\"1\" data-image-meta=\"{&quot;aperture&quot;:&quot;0&quot;,&quot;credit&quot;:&quot;&quot;,&quot;camera&quot;:&quot;&quot;,&quot;caption&quot;:&quot;&quot;,&quot;created_timestamp&quot;:&quot;0&quot;,&quot;copyright&quot;:&quot;&quot;,&quot;focal_length&quot;:&quot;0&quot;,&quot;iso&quot;:&quot;0&quot;,&quot;shutter_speed&quot;:&quot;0&quot;,&quot;title&quot;:&quot;&quot;,&quot;orientation&quot;:&quot;0&quot;}\" data-image-title=\"IMG-20190625-WA0062-1\" data-image-description=\"\" data-image-caption=\"\" data-medium-file=\"https:\/\/i0.wp.com\/cpberiain.educacion.navarra.es\/web1\/wp-content\/uploads\/2019\/06\/IMG-20190625-WA0062-1.jpg?fit=300%2C225&amp;ssl=1\" data-large-file=\"https:\/\/i0.wp.com\/cpberiain.educacion.navarra.es\/web1\/wp-content\/uploads\/2019\/06\/IMG-20190625-WA0062-1.jpg?fit=1024%2C768&amp;ssl=1\" loading=\"lazy\" width=\"1600\" height=\"1200\" src=\"https:\/\/i0.wp.com\/cpberiain.educacion.navarra.es\/web1\/wp-content\/uploads\/2019\/06\/IMG-20190625-WA0062-1.jpg?fit=1024%2C768&amp;ssl=1\" alt=\"\" class=\"wp-image-2831\" srcset=\"https:\/\/i0.wp.com\/cpberiain.educacion.navarra.es\/web1\/wp-content\/uploads\/2019\/06\/IMG-20190625-WA0062-1.jpg?w=1600&amp;ssl=1 1600w, https:\/\/i0.wp.com\/cpberiain.educacion.navarra.es\/web1\/wp-content\/uploads\/2019\/06\/IMG-20190625-WA0062-1.jpg?resize=300%2C225&amp;ssl=1 300w, https:\/\/i0.wp.com\/cpberiain.educacion.navarra.es\/web1\/wp-content\/uploads\/2019\/06\/IMG-20190625-WA0062-1.jpg?resize=768%2C576&amp;ssl=1 768w, https:\/\/i0.wp.com\/cpberiain.educacion.navarra.es\/web1\/wp-content\/uploads\/2019\/06\/IMG-20190625-WA0062-1.jpg?resize=1024%2C768&amp;ssl=1 1024w\" sizes=\"(max-width: 1000px) 100vw, 1000px\" \/><\/figure>\n\n\n\n<p>Para ver las fotos y v\u00eddeos de la entrega de diplomas y de las coreograf\u00edas: <a href=\"https:\/\/photos.app.goo.gl\/VQZy9XguTwMuiTCz9\">https:\/\/photos.app.goo.gl\/VQZy9XguTwMuiTCz9<\/a> <\/p>\n\n\n\n<p>Vuestros tutores, F\u00e9lix y Leire os dedican con mucho cari\u00f1o este cuento de Dr Seuss que tanto significa ahora mismo para todos.  <\/p>\n\n\n\n<figure class=\"wp-block-embed-youtube wp-block-embed is-type-video is-provider-youtube wp-embed-aspect-16-9 wp-has-aspect-ratio\"><div class=\"wp-block-embed__wrapper\">\n<iframe loading=\"lazy\" title=\"Oh, the Places You\u2019ll Go! by Dr. Seuss\" width=\"500\" height=\"281\" src=\"https:\/\/www.youtube.com\/embed\/D6ZeZA6wF-k?feature=oembed\" frameborder=\"0\" allow=\"accelerometer; autoplay; encrypted-media; gyroscope; picture-in-picture\" allowfullscreen><\/iframe>\n<\/div><\/figure>\n\n\n\n<p style=\"text-align:center\"><\/p>\n\n\n\n<p><\/p>\n","protected":false},"excerpt":{"rendered":"<p>\u00abMonta en tu globo y vuela alto\u00bb, \u00abOh, the places you&#8217;ll go\u00bb&#8230; Ya hemos celebrado la fiesta de despedida de 6\u00ba. Estos ni\u00f1os y ni\u00f1as acaban su etapa en nuestra escuela y comienzan el a\u00f1o que viene sus estudios ESO en el Instituto de Mendillorri.<\/p>\n","protected":false},"author":13,"featured_media":0,"comment_status":"open","ping_status":"open","sticky":false,"template":"","format":"standard","meta":{"_genesis_hide_title":false,"_genesis_hide_breadcrumbs":false,"_genesis_hide_singular_image":false,"_genesis_hide_footer_widgets":false,"_genesis_custom_body_class":"","_genesis_custom_post_class":"","_genesis_layout":"","jetpack_post_was_ever_published":false,"jetpack_publicize_message":"","jetpack_is_tweetstorm":false,"jetpack_publicize_feature_enabled":true},"categories":[58,1],"tags":[],"jetpack_publicize_connections":[],"jetpack_featured_media_url":"","jetpack_sharing_enabled":true,"_links":{"self":[{"href":"https:\/\/cpberiain.educacion.navarra.es\/web1\/wp-json\/wp\/v2\/posts\/2760"}],"collection":[{"href":"https:\/\/cpberiain.educacion.navarra.es\/web1\/wp-json\/wp\/v2\/posts"}],"about":[{"href":"https:\/\/cpberiain.educacion.navarra.es\/web1\/wp-json\/wp\/v2\/types\/post"}],"author":[{"embeddable":true,"href":"https:\/\/cpberiain.educacion.navarra.es\/web1\/wp-json\/wp\/v2\/users\/13"}],"replies":[{"embeddable":true,"href":"https:\/\/cpberiain.educacion.navarra.es\/web1\/wp-json\/wp\/v2\/comments?post=2760"}],"version-history":[{"count":26,"href":"https:\/\/cpberiain.educacion.navarra.es\/web1\/wp-json\/wp\/v2\/posts\/2760\/revisions"}],"predecessor-version":[{"id":2852,"href":"https:\/\/cpberiain.educacion.navarra.es\/web1\/wp-json\/wp\/v2\/posts\/2760\/revisions\/2852"}],"wp:attachment":[{"href":"https:\/\/cpberiain.educacion.navarra.es\/web1\/wp-json\/wp\/v2\/media?parent=2760"}],"wp:term":[{"taxonomy":"category","embeddable":true,"href":"https:\/\/cpberiain.educacion.navarra.es\/web1\/wp-json\/wp\/v2\/categories?post=2760"},{"taxonomy":"post_tag","embeddable":true,"href":"https:\/\/cpberiain.educacion.navarra.es\/web1\/wp-json\/wp\/v2\/tags?post=2760"}],"curies":[{"name":"wp","href":"https:\/\/api.w.org\/{rel}","templated":true}]}}