{"id":3012,"date":"2019-10-30T05:04:12","date_gmt":"2019-10-30T04:04:12","guid":{"rendered":"https:\/\/cpberiain.educacion.navarra.es\/web1\/?p=3012"},"modified":"2019-10-30T14:54:06","modified_gmt":"2019-10-30T13:54:06","slug":"5y6-taller-plastico-rothko","status":"publish","type":"post","link":"https:\/\/cpberiain.educacion.navarra.es\/web1\/5y6-taller-plastico-rothko\/","title":{"rendered":"5\u00b0y6\u00b0 Taller pl\u00e1stico: Rothko"},"content":{"rendered":"\n<figure class=\"wp-block-image\"><img data-attachment-id=\"3013\" data-permalink=\"https:\/\/cpberiain.educacion.navarra.es\/web1\/5y6-taller-plastico-rothko\/mark-rothko-un-tragico-destino-escrito-en-su-pintura-rs-1\/\" data-orig-file=\"https:\/\/i0.wp.com\/cpberiain.educacion.navarra.es\/web1\/wp-content\/uploads\/2019\/10\/mark-rothko-un-tragico-destino-escrito-en-su-pintura-rs-1.jpg?fit=620%2C300&amp;ssl=1\" data-orig-size=\"620,300\" data-comments-opened=\"1\" data-image-meta=\"{&quot;aperture&quot;:&quot;0&quot;,&quot;credit&quot;:&quot;&quot;,&quot;camera&quot;:&quot;&quot;,&quot;caption&quot;:&quot;&quot;,&quot;created_timestamp&quot;:&quot;0&quot;,&quot;copyright&quot;:&quot;&quot;,&quot;focal_length&quot;:&quot;0&quot;,&quot;iso&quot;:&quot;0&quot;,&quot;shutter_speed&quot;:&quot;0&quot;,&quot;title&quot;:&quot;&quot;,&quot;orientation&quot;:&quot;1&quot;}\" data-image-title=\"mark-rothko-un-tragico-destino-escrito-en-su-pintura-rs-1\" data-image-description=\"\" data-image-caption=\"\" data-medium-file=\"https:\/\/i0.wp.com\/cpberiain.educacion.navarra.es\/web1\/wp-content\/uploads\/2019\/10\/mark-rothko-un-tragico-destino-escrito-en-su-pintura-rs-1.jpg?fit=300%2C145&amp;ssl=1\" data-large-file=\"https:\/\/i0.wp.com\/cpberiain.educacion.navarra.es\/web1\/wp-content\/uploads\/2019\/10\/mark-rothko-un-tragico-destino-escrito-en-su-pintura-rs-1.jpg?fit=620%2C300&amp;ssl=1\" loading=\"lazy\" width=\"620\" height=\"300\" src=\"https:\/\/i0.wp.com\/cpberiain.educacion.navarra.es\/web1\/wp-content\/uploads\/2019\/10\/mark-rothko-un-tragico-destino-escrito-en-su-pintura-rs-1.jpg?resize=620%2C300&#038;ssl=1\" alt=\"\" class=\"wp-image-3013\" srcset=\"https:\/\/i0.wp.com\/cpberiain.educacion.navarra.es\/web1\/wp-content\/uploads\/2019\/10\/mark-rothko-un-tragico-destino-escrito-en-su-pintura-rs-1.jpg?w=620&amp;ssl=1 620w, https:\/\/i0.wp.com\/cpberiain.educacion.navarra.es\/web1\/wp-content\/uploads\/2019\/10\/mark-rothko-un-tragico-destino-escrito-en-su-pintura-rs-1.jpg?resize=300%2C145&amp;ssl=1 300w\" sizes=\"(max-width: 620px) 100vw, 620px\" data-recalc-dims=\"1\" \/><\/figure>\n\n\n\n<p>Los alumnos de tercer ciclo han visitado el museo de la Universidad de Navarra para realizar un taller pl\u00e1stico sobre arte contempor\u00e1neo. <a href=\"https:\/\/museo.unav.edu\/docencia\/escolares\">https:\/\/museo.unav.edu\/docencia\/escolares<\/a><\/p>\n\n\n\n<!--more-->\n\n\n\n<p>El a\u00f1o pasado conocimos las t\u00e9cnicas de Kandinsky, este a\u00f1o hemos trabajado las obras de expresionismo abstracto de Mark Rothko. <\/p>\n\n\n\n<p>Las obras de Rothko est\u00e1n expuestas por todo el mundo en varios museos de arte moderno, desde el Reina Sof\u00eda en Madrid hasta en MOMA en Nueva York. El Museo de la Universidad de Navarra exhibe una de las \u00faltimas obras de la vida de Rothko que tambi\u00e9n hemos contemplado en silencio.<\/p>\n\n\n\n<p>Nuestras fotograf\u00edas en el siguiente enlace:<\/p>\n\n\n\n<p><a href=\"https:\/\/photos.app.goo.gl\/g9NQkPUHCoNgHvCQA\">https:\/\/photos.app.goo.gl\/g9NQkPUHCoNgHvCQA<\/a><\/p>\n\n\n\n<p>La Universidad de Navarra ofrece talleres de artes esc\u00e9nicas y pl\u00e1stica para ni\u00f1os con sus familias en el siguiente enlace: <a href=\"https:\/\/museo.unav.edu\/es\/docencia\/familias\">https:\/\/museo.unav.edu\/es\/docencia\/familias<\/a><\/p>\n","protected":false},"excerpt":{"rendered":"<p>Los alumnos de tercer ciclo han visitado el museo de la Universidad de Navarra para realizar un taller pl\u00e1stico sobre arte contempor\u00e1neo. https:\/\/museo.unav.edu\/docencia\/escolares<\/p>\n","protected":false},"author":13,"featured_media":0,"comment_status":"open","ping_status":"open","sticky":false,"template":"","format":"standard","meta":{"_genesis_hide_title":false,"_genesis_hide_breadcrumbs":false,"_genesis_hide_singular_image":false,"_genesis_hide_footer_widgets":false,"_genesis_custom_body_class":"","_genesis_custom_post_class":"","_genesis_layout":"","jetpack_post_was_ever_published":false,"jetpack_publicize_message":"","jetpack_is_tweetstorm":false,"jetpack_publicize_feature_enabled":true},"categories":[62,1],"tags":[],"jetpack_publicize_connections":[],"jetpack_featured_media_url":"","jetpack_sharing_enabled":true,"_links":{"self":[{"href":"https:\/\/cpberiain.educacion.navarra.es\/web1\/wp-json\/wp\/v2\/posts\/3012"}],"collection":[{"href":"https:\/\/cpberiain.educacion.navarra.es\/web1\/wp-json\/wp\/v2\/posts"}],"about":[{"href":"https:\/\/cpberiain.educacion.navarra.es\/web1\/wp-json\/wp\/v2\/types\/post"}],"author":[{"embeddable":true,"href":"https:\/\/cpberiain.educacion.navarra.es\/web1\/wp-json\/wp\/v2\/users\/13"}],"replies":[{"embeddable":true,"href":"https:\/\/cpberiain.educacion.navarra.es\/web1\/wp-json\/wp\/v2\/comments?post=3012"}],"version-history":[{"count":5,"href":"https:\/\/cpberiain.educacion.navarra.es\/web1\/wp-json\/wp\/v2\/posts\/3012\/revisions"}],"predecessor-version":[{"id":3036,"href":"https:\/\/cpberiain.educacion.navarra.es\/web1\/wp-json\/wp\/v2\/posts\/3012\/revisions\/3036"}],"wp:attachment":[{"href":"https:\/\/cpberiain.educacion.navarra.es\/web1\/wp-json\/wp\/v2\/media?parent=3012"}],"wp:term":[{"taxonomy":"category","embeddable":true,"href":"https:\/\/cpberiain.educacion.navarra.es\/web1\/wp-json\/wp\/v2\/categories?post=3012"},{"taxonomy":"post_tag","embeddable":true,"href":"https:\/\/cpberiain.educacion.navarra.es\/web1\/wp-json\/wp\/v2\/tags?post=3012"}],"curies":[{"name":"wp","href":"https:\/\/api.w.org\/{rel}","templated":true}]}}