{"id":3031,"date":"2019-10-28T16:24:37","date_gmt":"2019-10-28T15:24:37","guid":{"rendered":"https:\/\/cpberiain.educacion.navarra.es\/web1\/?p=3031"},"modified":"2019-10-28T16:24:42","modified_gmt":"2019-10-28T15:24:42","slug":"apyma-1-excursion-del-curso","status":"publish","type":"post","link":"https:\/\/cpberiain.educacion.navarra.es\/web1\/apyma-1-excursion-del-curso\/","title":{"rendered":"APYMA: 1\u00b0 excursi\u00f3n del curso"},"content":{"rendered":"\n<p>Este domingo 27 de octubre, un grupo de unas 36 personas participamos en la 1\u00aa salida de monta\u00f1a organizada por la APYMA, result\u00f3 un \u00a0d\u00eda especialmente Oto\u00f1al en el que pudimos realizar las actividades planteadas.<\/p>\n\n\n\n<!--more-->\n\n\n\n<p>Partimos de\u00a0Ir\u00e1izoz, un bonito pueblo del Valle de Ulzama, para pronto (quiz\u00e1 demasiado) comenzar una fuerte subida que superamos con nota, especialmente los peques.<\/p>\n\n\n\n<p><\/p>\n\n\n\n<p> Y es que, en tan solo 1 km superamos casi 300 metros de desnivel positivo. Una vez superado este primer obst\u00e1culo, caminamos f\u00e1cil por una senda que se habr\u00eda paso el bosque, pronto llegamos a la ermita de Santa Luc\u00eda. <\/p>\n\n\n\n<p>All\u00ed los peques tocaron la campana y recuperaron fuerzas para realizar el peque\u00f1o y \u00faltimo tramo hasta llegar al objetivo principal del d\u00eda; \u00a0DISFRUTAR de la satisfacci\u00f3n, despu\u00e9s del esfuerzo, de conseguir alcanzar la cima de\u00a0 Ara\u00f1otz (838mts) .<\/p>\n\n\n\n<p>Bajamos de nuevo al pueblo de Ir\u00e1izoz y \u00a0fuimos al hasta Alkotz para recoger un fruto tradicional de estas fechas, las casta\u00f1as. Para conseguirlo de nuevo tuvimos que remontar una peque\u00f1a subida desde el pueblo hasta los casta\u00f1os (600mts).<\/p>\n\n\n\n<p>Y aqu\u00ed dimos por terminada una jornada que desde luego disfrutamos en compa\u00f1\u00eda de nuestros peques.<\/p>\n\n\n\n<p><a href=\"https:\/\/photos.app.goo.gl\/D84KHpbaGAyv9BjG8\">https:\/\/photos.app.goo.gl\/D84KHpbaGAyv9BjG8<\/a><\/p>\n\n\n\n<figure class=\"wp-block-image\"><img data-attachment-id=\"3032\" data-permalink=\"https:\/\/cpberiain.educacion.navarra.es\/web1\/apyma-1-excursion-del-curso\/img-20191028-wa0013\/\" data-orig-file=\"https:\/\/i0.wp.com\/cpberiain.educacion.navarra.es\/web1\/wp-content\/uploads\/2019\/10\/IMG-20191028-WA0013.jpg?fit=1200%2C1600&amp;ssl=1\" data-orig-size=\"1200,1600\" data-comments-opened=\"1\" data-image-meta=\"{&quot;aperture&quot;:&quot;0&quot;,&quot;credit&quot;:&quot;&quot;,&quot;camera&quot;:&quot;&quot;,&quot;caption&quot;:&quot;&quot;,&quot;created_timestamp&quot;:&quot;0&quot;,&quot;copyright&quot;:&quot;&quot;,&quot;focal_length&quot;:&quot;0&quot;,&quot;iso&quot;:&quot;0&quot;,&quot;shutter_speed&quot;:&quot;0&quot;,&quot;title&quot;:&quot;&quot;,&quot;orientation&quot;:&quot;0&quot;}\" data-image-title=\"IMG-20191028-WA0013\" data-image-description=\"\" data-image-caption=\"\" data-medium-file=\"https:\/\/i0.wp.com\/cpberiain.educacion.navarra.es\/web1\/wp-content\/uploads\/2019\/10\/IMG-20191028-WA0013.jpg?fit=225%2C300&amp;ssl=1\" data-large-file=\"https:\/\/i0.wp.com\/cpberiain.educacion.navarra.es\/web1\/wp-content\/uploads\/2019\/10\/IMG-20191028-WA0013.jpg?fit=768%2C1024&amp;ssl=1\" loading=\"lazy\" width=\"1200\" height=\"1600\" src=\"https:\/\/i2.wp.com\/cpberiain.educacion.navarra.es\/web1\/wp-content\/uploads\/2019\/10\/IMG-20191028-WA0013.jpg?fit=768%2C1024&amp;ssl=1\" alt=\"\" class=\"wp-image-3032\" srcset=\"https:\/\/i0.wp.com\/cpberiain.educacion.navarra.es\/web1\/wp-content\/uploads\/2019\/10\/IMG-20191028-WA0013.jpg?w=1200&amp;ssl=1 1200w, https:\/\/i0.wp.com\/cpberiain.educacion.navarra.es\/web1\/wp-content\/uploads\/2019\/10\/IMG-20191028-WA0013.jpg?resize=225%2C300&amp;ssl=1 225w, https:\/\/i0.wp.com\/cpberiain.educacion.navarra.es\/web1\/wp-content\/uploads\/2019\/10\/IMG-20191028-WA0013.jpg?resize=768%2C1024&amp;ssl=1 768w\" sizes=\"(max-width: 1000px) 100vw, 1000px\" \/><\/figure>\n\n\n","protected":false},"excerpt":{"rendered":"<p>Este domingo 27 de octubre, un grupo de unas 36 personas participamos en la 1\u00aa salida de monta\u00f1a organizada por la APYMA, result\u00f3 un \u00a0d\u00eda especialmente Oto\u00f1al en el que pudimos realizar las actividades planteadas.<\/p>\n","protected":false},"author":13,"featured_media":0,"comment_status":"open","ping_status":"open","sticky":false,"template":"","format":"standard","meta":{"_genesis_hide_title":false,"_genesis_hide_breadcrumbs":false,"_genesis_hide_singular_image":false,"_genesis_hide_footer_widgets":false,"_genesis_custom_body_class":"","_genesis_custom_post_class":"","_genesis_layout":"","jetpack_post_was_ever_published":false,"jetpack_publicize_message":"","jetpack_is_tweetstorm":false,"jetpack_publicize_feature_enabled":true},"categories":[11,62,1],"tags":[],"jetpack_publicize_connections":[],"jetpack_featured_media_url":"","jetpack_sharing_enabled":true,"_links":{"self":[{"href":"https:\/\/cpberiain.educacion.navarra.es\/web1\/wp-json\/wp\/v2\/posts\/3031"}],"collection":[{"href":"https:\/\/cpberiain.educacion.navarra.es\/web1\/wp-json\/wp\/v2\/posts"}],"about":[{"href":"https:\/\/cpberiain.educacion.navarra.es\/web1\/wp-json\/wp\/v2\/types\/post"}],"author":[{"embeddable":true,"href":"https:\/\/cpberiain.educacion.navarra.es\/web1\/wp-json\/wp\/v2\/users\/13"}],"replies":[{"embeddable":true,"href":"https:\/\/cpberiain.educacion.navarra.es\/web1\/wp-json\/wp\/v2\/comments?post=3031"}],"version-history":[{"count":1,"href":"https:\/\/cpberiain.educacion.navarra.es\/web1\/wp-json\/wp\/v2\/posts\/3031\/revisions"}],"predecessor-version":[{"id":3033,"href":"https:\/\/cpberiain.educacion.navarra.es\/web1\/wp-json\/wp\/v2\/posts\/3031\/revisions\/3033"}],"wp:attachment":[{"href":"https:\/\/cpberiain.educacion.navarra.es\/web1\/wp-json\/wp\/v2\/media?parent=3031"}],"wp:term":[{"taxonomy":"category","embeddable":true,"href":"https:\/\/cpberiain.educacion.navarra.es\/web1\/wp-json\/wp\/v2\/categories?post=3031"},{"taxonomy":"post_tag","embeddable":true,"href":"https:\/\/cpberiain.educacion.navarra.es\/web1\/wp-json\/wp\/v2\/tags?post=3031"}],"curies":[{"name":"wp","href":"https:\/\/api.w.org\/{rel}","templated":true}]}}