{"id":3351,"date":"2020-01-30T12:20:27","date_gmt":"2020-01-30T11:20:27","guid":{"rendered":"https:\/\/cpberiain.educacion.navarra.es\/web1\/?p=3351"},"modified":"2020-02-06T22:39:36","modified_gmt":"2020-02-06T21:39:36","slug":"1ei-asi-soy-yo-y-tu","status":"publish","type":"post","link":"https:\/\/cpberiain.educacion.navarra.es\/web1\/1ei-asi-soy-yo-y-tu\/","title":{"rendered":"1\u00b0EI. As\u00ed soy yo&#8230;\u00bfy t\u00fa?"},"content":{"rendered":"\n<p>Durante los meses de noviembre y diciembre en 1\u00ba de educaci\u00f3n infantil hemos aprendido un poco m\u00e1s sobre cada uno de nosotros y nosotras. <\/p>\n\n\n\n<!--more-->\n\n\n\n<p>Hemos trabajado en grupos peque\u00f1os diferentes actividades que nos han permitido aprender las principales partes de la cara y el cuerpo.&nbsp;<\/p>\n\n\n\n<p><br>Hemos visto que diferente es nuestro cuerpo. Nos hemos medido y comparado en la sala de psicomotricidad. Y las familias nos han visitado para contar an\u00e9cdotas personales de cuando \u00e9ramos peque\u00f1os, adem\u00e1s de presentar a nuestra familia con el \u00e1lbum de fotos. <\/p>\n\n\n\n<p>\u00a1Ahora ya nos conocemos un poco m\u00e1s! Y nos quedan un mont\u00f3n de a\u00f1os para seguir aprendiendo y disfrutando juntos, porque esto acaba de empezar\u2026&nbsp; <\/p>\n\n\n\n<p>Para ver fotos haz clic aqu\u00ed.&nbsp;&nbsp;<a href=\"https:\/\/photos.app.goo.gl\/WPqrK9WY66eKx2UKA\">https:\/\/photos.app.goo.gl\/WPqrK9WY66eKx2UKA<\/a><\/p>\n\n\n\n<figure class=\"wp-block-image size-large\"><img data-attachment-id=\"3352\" data-permalink=\"https:\/\/cpberiain.educacion.navarra.es\/web1\/1ei-asi-soy-yo-y-tu\/20191121_125645\/\" data-orig-file=\"https:\/\/i0.wp.com\/cpberiain.educacion.navarra.es\/web1\/wp-content\/uploads\/2020\/01\/20191121_125645-scaled.jpg?fit=1920%2C2560&amp;ssl=1\" data-orig-size=\"1920,2560\" data-comments-opened=\"1\" data-image-meta=\"{&quot;aperture&quot;:&quot;1.9&quot;,&quot;credit&quot;:&quot;&quot;,&quot;camera&quot;:&quot;SM-J600FN&quot;,&quot;caption&quot;:&quot;&quot;,&quot;created_timestamp&quot;:&quot;1574341005&quot;,&quot;copyright&quot;:&quot;&quot;,&quot;focal_length&quot;:&quot;3.6&quot;,&quot;iso&quot;:&quot;80&quot;,&quot;shutter_speed&quot;:&quot;0.01&quot;,&quot;title&quot;:&quot;&quot;,&quot;orientation&quot;:&quot;1&quot;}\" data-image-title=\"20191121_125645\" data-image-description=\"\" data-image-caption=\"\" data-medium-file=\"https:\/\/i0.wp.com\/cpberiain.educacion.navarra.es\/web1\/wp-content\/uploads\/2020\/01\/20191121_125645-scaled.jpg?fit=225%2C300&amp;ssl=1\" data-large-file=\"https:\/\/i0.wp.com\/cpberiain.educacion.navarra.es\/web1\/wp-content\/uploads\/2020\/01\/20191121_125645-scaled.jpg?fit=768%2C1024&amp;ssl=1\" loading=\"lazy\" width=\"768\" height=\"1024\" src=\"https:\/\/i0.wp.com\/cpberiain.educacion.navarra.es\/web1\/wp-content\/uploads\/2020\/01\/20191121_125645.jpg?resize=768%2C1024&#038;ssl=1\" alt=\"\" class=\"wp-image-3352\" srcset=\"https:\/\/i0.wp.com\/cpberiain.educacion.navarra.es\/web1\/wp-content\/uploads\/2020\/01\/20191121_125645-scaled.jpg?resize=768%2C1024&amp;ssl=1 768w, https:\/\/i0.wp.com\/cpberiain.educacion.navarra.es\/web1\/wp-content\/uploads\/2020\/01\/20191121_125645-scaled.jpg?resize=225%2C300&amp;ssl=1 225w, https:\/\/i0.wp.com\/cpberiain.educacion.navarra.es\/web1\/wp-content\/uploads\/2020\/01\/20191121_125645-scaled.jpg?resize=1152%2C1536&amp;ssl=1 1152w, https:\/\/i0.wp.com\/cpberiain.educacion.navarra.es\/web1\/wp-content\/uploads\/2020\/01\/20191121_125645-scaled.jpg?resize=1536%2C2048&amp;ssl=1 1536w, https:\/\/i0.wp.com\/cpberiain.educacion.navarra.es\/web1\/wp-content\/uploads\/2020\/01\/20191121_125645-scaled.jpg?w=1920&amp;ssl=1 1920w\" sizes=\"(max-width: 768px) 100vw, 768px\" data-recalc-dims=\"1\" \/><\/figure>\n","protected":false},"excerpt":{"rendered":"<p>Durante los meses de noviembre y diciembre en 1\u00ba de educaci\u00f3n infantil hemos aprendido un poco m\u00e1s sobre cada uno de nosotros y nosotras.<\/p>\n","protected":false},"author":13,"featured_media":0,"comment_status":"open","ping_status":"open","sticky":false,"template":"","format":"standard","meta":{"_genesis_hide_title":false,"_genesis_hide_breadcrumbs":false,"_genesis_hide_singular_image":false,"_genesis_hide_footer_widgets":false,"_genesis_custom_body_class":"","_genesis_custom_post_class":"","_genesis_layout":"","jetpack_post_was_ever_published":false,"jetpack_publicize_message":"","jetpack_is_tweetstorm":false,"jetpack_publicize_feature_enabled":true},"categories":[62,36,1],"tags":[],"jetpack_publicize_connections":[],"jetpack_featured_media_url":"","jetpack_sharing_enabled":true,"_links":{"self":[{"href":"https:\/\/cpberiain.educacion.navarra.es\/web1\/wp-json\/wp\/v2\/posts\/3351"}],"collection":[{"href":"https:\/\/cpberiain.educacion.navarra.es\/web1\/wp-json\/wp\/v2\/posts"}],"about":[{"href":"https:\/\/cpberiain.educacion.navarra.es\/web1\/wp-json\/wp\/v2\/types\/post"}],"author":[{"embeddable":true,"href":"https:\/\/cpberiain.educacion.navarra.es\/web1\/wp-json\/wp\/v2\/users\/13"}],"replies":[{"embeddable":true,"href":"https:\/\/cpberiain.educacion.navarra.es\/web1\/wp-json\/wp\/v2\/comments?post=3351"}],"version-history":[{"count":3,"href":"https:\/\/cpberiain.educacion.navarra.es\/web1\/wp-json\/wp\/v2\/posts\/3351\/revisions"}],"predecessor-version":[{"id":3355,"href":"https:\/\/cpberiain.educacion.navarra.es\/web1\/wp-json\/wp\/v2\/posts\/3351\/revisions\/3355"}],"wp:attachment":[{"href":"https:\/\/cpberiain.educacion.navarra.es\/web1\/wp-json\/wp\/v2\/media?parent=3351"}],"wp:term":[{"taxonomy":"category","embeddable":true,"href":"https:\/\/cpberiain.educacion.navarra.es\/web1\/wp-json\/wp\/v2\/categories?post=3351"},{"taxonomy":"post_tag","embeddable":true,"href":"https:\/\/cpberiain.educacion.navarra.es\/web1\/wp-json\/wp\/v2\/tags?post=3351"}],"curies":[{"name":"wp","href":"https:\/\/api.w.org\/{rel}","templated":true}]}}