{"id":3722,"date":"2020-06-10T16:00:18","date_gmt":"2020-06-10T14:00:18","guid":{"rendered":"https:\/\/cpberiain.educacion.navarra.es\/web1\/?p=3722"},"modified":"2020-06-10T16:29:01","modified_gmt":"2020-06-10T14:29:01","slug":"reencuentro-digital-con-ex-alumns-del-cole","status":"publish","type":"post","link":"https:\/\/cpberiain.educacion.navarra.es\/web1\/reencuentro-digital-con-ex-alumns-del-cole\/","title":{"rendered":"Reencuentro digital con ex alumn@s del cole"},"content":{"rendered":"\n<p>Esta tarde algunos alumnos y alumnas de 1\u00ba ESO, graduados el curso pasado (2019), se han conectado a una conferencia con sus antiguos profes de 5\u00ba y 6\u00ba F\u00e9lix, Leire y con Teresa, la profe de Reli.<\/p>\n\n\n\n<p>En ella les han contado sus peripecias por el instituto y los chascarrillos del confinamiento.  Tambi\u00e9n hemos conectado con nuestra compa\u00f1era Sof\u00eda que est\u00e1 en USA!!<\/p>\n\n\n\n<p><\/p>\n\n\n\n<figure class=\"wp-block-image size-large\"><img data-attachment-id=\"3724\" data-permalink=\"https:\/\/cpberiain.educacion.navarra.es\/web1\/reencuentro-digital-con-ex-alumns-del-cole\/felix\/\" data-orig-file=\"https:\/\/i0.wp.com\/cpberiain.educacion.navarra.es\/web1\/wp-content\/uploads\/2020\/06\/felix-.jpg?fit=1924%2C1080&amp;ssl=1\" data-orig-size=\"1924,1080\" data-comments-opened=\"1\" data-image-meta=\"{&quot;aperture&quot;:&quot;0&quot;,&quot;credit&quot;:&quot;&quot;,&quot;camera&quot;:&quot;&quot;,&quot;caption&quot;:&quot;&quot;,&quot;created_timestamp&quot;:&quot;0&quot;,&quot;copyright&quot;:&quot;&quot;,&quot;focal_length&quot;:&quot;0&quot;,&quot;iso&quot;:&quot;0&quot;,&quot;shutter_speed&quot;:&quot;0&quot;,&quot;title&quot;:&quot;&quot;,&quot;orientation&quot;:&quot;0&quot;}\" data-image-title=\"felix-\" data-image-description=\"\" data-image-caption=\"\" data-medium-file=\"https:\/\/i0.wp.com\/cpberiain.educacion.navarra.es\/web1\/wp-content\/uploads\/2020\/06\/felix-.jpg?fit=300%2C168&amp;ssl=1\" data-large-file=\"https:\/\/i0.wp.com\/cpberiain.educacion.navarra.es\/web1\/wp-content\/uploads\/2020\/06\/felix-.jpg?fit=1024%2C575&amp;ssl=1\" loading=\"lazy\" width=\"1924\" height=\"1080\" src=\"https:\/\/i2.wp.com\/cpberiain.educacion.navarra.es\/web1\/wp-content\/uploads\/2020\/06\/felix-.jpg?fit=1024%2C575&amp;ssl=1\" alt=\"\" class=\"wp-image-3724\" srcset=\"https:\/\/i0.wp.com\/cpberiain.educacion.navarra.es\/web1\/wp-content\/uploads\/2020\/06\/felix-.jpg?w=1924&amp;ssl=1 1924w, https:\/\/i0.wp.com\/cpberiain.educacion.navarra.es\/web1\/wp-content\/uploads\/2020\/06\/felix-.jpg?resize=300%2C168&amp;ssl=1 300w, https:\/\/i0.wp.com\/cpberiain.educacion.navarra.es\/web1\/wp-content\/uploads\/2020\/06\/felix-.jpg?resize=1024%2C575&amp;ssl=1 1024w, https:\/\/i0.wp.com\/cpberiain.educacion.navarra.es\/web1\/wp-content\/uploads\/2020\/06\/felix-.jpg?resize=768%2C431&amp;ssl=1 768w, https:\/\/i0.wp.com\/cpberiain.educacion.navarra.es\/web1\/wp-content\/uploads\/2020\/06\/felix-.jpg?resize=1536%2C862&amp;ssl=1 1536w\" sizes=\"(max-width: 1000px) 100vw, 1000px\" \/><\/figure>\n\n\n\n<figure class=\"wp-block-image size-large\"><img data-attachment-id=\"3729\" data-permalink=\"https:\/\/cpberiain.educacion.navarra.es\/web1\/reencuentro-digital-con-ex-alumns-del-cole\/videollamada-con-felix\/\" data-orig-file=\"https:\/\/i0.wp.com\/cpberiain.educacion.navarra.es\/web1\/wp-content\/uploads\/2020\/06\/videollamada-con-felix.jpg?fit=1924%2C932&amp;ssl=1\" data-orig-size=\"1924,932\" data-comments-opened=\"1\" data-image-meta=\"{&quot;aperture&quot;:&quot;0&quot;,&quot;credit&quot;:&quot;&quot;,&quot;camera&quot;:&quot;&quot;,&quot;caption&quot;:&quot;&quot;,&quot;created_timestamp&quot;:&quot;0&quot;,&quot;copyright&quot;:&quot;&quot;,&quot;focal_length&quot;:&quot;0&quot;,&quot;iso&quot;:&quot;0&quot;,&quot;shutter_speed&quot;:&quot;0&quot;,&quot;title&quot;:&quot;&quot;,&quot;orientation&quot;:&quot;0&quot;}\" data-image-title=\"videollamada-con-felix\" data-image-description=\"\" data-image-caption=\"\" data-medium-file=\"https:\/\/i0.wp.com\/cpberiain.educacion.navarra.es\/web1\/wp-content\/uploads\/2020\/06\/videollamada-con-felix.jpg?fit=300%2C145&amp;ssl=1\" data-large-file=\"https:\/\/i0.wp.com\/cpberiain.educacion.navarra.es\/web1\/wp-content\/uploads\/2020\/06\/videollamada-con-felix.jpg?fit=1024%2C496&amp;ssl=1\" loading=\"lazy\" width=\"1924\" height=\"932\" src=\"https:\/\/i1.wp.com\/cpberiain.educacion.navarra.es\/web1\/wp-content\/uploads\/2020\/06\/videollamada-con-felix.jpg?fit=1024%2C496&amp;ssl=1\" alt=\"\" class=\"wp-image-3729\" srcset=\"https:\/\/i0.wp.com\/cpberiain.educacion.navarra.es\/web1\/wp-content\/uploads\/2020\/06\/videollamada-con-felix.jpg?w=1924&amp;ssl=1 1924w, https:\/\/i0.wp.com\/cpberiain.educacion.navarra.es\/web1\/wp-content\/uploads\/2020\/06\/videollamada-con-felix.jpg?resize=300%2C145&amp;ssl=1 300w, https:\/\/i0.wp.com\/cpberiain.educacion.navarra.es\/web1\/wp-content\/uploads\/2020\/06\/videollamada-con-felix.jpg?resize=1024%2C496&amp;ssl=1 1024w, https:\/\/i0.wp.com\/cpberiain.educacion.navarra.es\/web1\/wp-content\/uploads\/2020\/06\/videollamada-con-felix.jpg?resize=768%2C372&amp;ssl=1 768w, https:\/\/i0.wp.com\/cpberiain.educacion.navarra.es\/web1\/wp-content\/uploads\/2020\/06\/videollamada-con-felix.jpg?resize=1536%2C744&amp;ssl=1 1536w\" sizes=\"(max-width: 1000px) 100vw, 1000px\" \/><\/figure>\n\n\n\n<figure class=\"wp-block-image size-large\"><img data-attachment-id=\"3732\" data-permalink=\"https:\/\/cpberiain.educacion.navarra.es\/web1\/reencuentro-digital-con-ex-alumns-del-cole\/sofia\/\" data-orig-file=\"https:\/\/i0.wp.com\/cpberiain.educacion.navarra.es\/web1\/wp-content\/uploads\/2020\/06\/sofia.jpg?fit=1924%2C1080&amp;ssl=1\" data-orig-size=\"1924,1080\" data-comments-opened=\"1\" data-image-meta=\"{&quot;aperture&quot;:&quot;0&quot;,&quot;credit&quot;:&quot;&quot;,&quot;camera&quot;:&quot;&quot;,&quot;caption&quot;:&quot;&quot;,&quot;created_timestamp&quot;:&quot;0&quot;,&quot;copyright&quot;:&quot;&quot;,&quot;focal_length&quot;:&quot;0&quot;,&quot;iso&quot;:&quot;0&quot;,&quot;shutter_speed&quot;:&quot;0&quot;,&quot;title&quot;:&quot;&quot;,&quot;orientation&quot;:&quot;0&quot;}\" data-image-title=\"sofia\" data-image-description=\"\" data-image-caption=\"\" data-medium-file=\"https:\/\/i0.wp.com\/cpberiain.educacion.navarra.es\/web1\/wp-content\/uploads\/2020\/06\/sofia.jpg?fit=300%2C168&amp;ssl=1\" data-large-file=\"https:\/\/i0.wp.com\/cpberiain.educacion.navarra.es\/web1\/wp-content\/uploads\/2020\/06\/sofia.jpg?fit=1024%2C575&amp;ssl=1\" loading=\"lazy\" width=\"1924\" height=\"1080\" src=\"https:\/\/i1.wp.com\/cpberiain.educacion.navarra.es\/web1\/wp-content\/uploads\/2020\/06\/sofia.jpg?fit=1024%2C575&amp;ssl=1\" alt=\"\" class=\"wp-image-3732\" srcset=\"https:\/\/i0.wp.com\/cpberiain.educacion.navarra.es\/web1\/wp-content\/uploads\/2020\/06\/sofia.jpg?w=1924&amp;ssl=1 1924w, https:\/\/i0.wp.com\/cpberiain.educacion.navarra.es\/web1\/wp-content\/uploads\/2020\/06\/sofia.jpg?resize=300%2C168&amp;ssl=1 300w, https:\/\/i0.wp.com\/cpberiain.educacion.navarra.es\/web1\/wp-content\/uploads\/2020\/06\/sofia.jpg?resize=1024%2C575&amp;ssl=1 1024w, https:\/\/i0.wp.com\/cpberiain.educacion.navarra.es\/web1\/wp-content\/uploads\/2020\/06\/sofia.jpg?resize=768%2C431&amp;ssl=1 768w, https:\/\/i0.wp.com\/cpberiain.educacion.navarra.es\/web1\/wp-content\/uploads\/2020\/06\/sofia.jpg?resize=1536%2C862&amp;ssl=1 1536w\" sizes=\"(max-width: 1000px) 100vw, 1000px\" \/><\/figure>\n","protected":false},"excerpt":{"rendered":"<p>Esta tarde algunos alumnos y alumnas de 1\u00ba ESO, graduados el curso pasado (2019), se han conectado a una conferencia con sus antiguos profes de 5\u00ba y 6\u00ba F\u00e9lix, Leire y con Teresa, la profe de Reli. En ella les han contado sus peripecias por el instituto y los chascarrillos del confinamiento. Tambi\u00e9n hemos conectado [&hellip;]<\/p>\n","protected":false},"author":13,"featured_media":0,"comment_status":"open","ping_status":"open","sticky":false,"template":"","format":"standard","meta":{"_genesis_hide_title":false,"_genesis_hide_breadcrumbs":false,"_genesis_hide_singular_image":false,"_genesis_hide_footer_widgets":false,"_genesis_custom_body_class":"","_genesis_custom_post_class":"","_genesis_layout":"","jetpack_post_was_ever_published":false,"jetpack_publicize_message":"","jetpack_is_tweetstorm":false,"jetpack_publicize_feature_enabled":true},"categories":[62,1],"tags":[],"jetpack_publicize_connections":[],"jetpack_featured_media_url":"","jetpack_sharing_enabled":true,"_links":{"self":[{"href":"https:\/\/cpberiain.educacion.navarra.es\/web1\/wp-json\/wp\/v2\/posts\/3722"}],"collection":[{"href":"https:\/\/cpberiain.educacion.navarra.es\/web1\/wp-json\/wp\/v2\/posts"}],"about":[{"href":"https:\/\/cpberiain.educacion.navarra.es\/web1\/wp-json\/wp\/v2\/types\/post"}],"author":[{"embeddable":true,"href":"https:\/\/cpberiain.educacion.navarra.es\/web1\/wp-json\/wp\/v2\/users\/13"}],"replies":[{"embeddable":true,"href":"https:\/\/cpberiain.educacion.navarra.es\/web1\/wp-json\/wp\/v2\/comments?post=3722"}],"version-history":[{"count":5,"href":"https:\/\/cpberiain.educacion.navarra.es\/web1\/wp-json\/wp\/v2\/posts\/3722\/revisions"}],"predecessor-version":[{"id":3734,"href":"https:\/\/cpberiain.educacion.navarra.es\/web1\/wp-json\/wp\/v2\/posts\/3722\/revisions\/3734"}],"wp:attachment":[{"href":"https:\/\/cpberiain.educacion.navarra.es\/web1\/wp-json\/wp\/v2\/media?parent=3722"}],"wp:term":[{"taxonomy":"category","embeddable":true,"href":"https:\/\/cpberiain.educacion.navarra.es\/web1\/wp-json\/wp\/v2\/categories?post=3722"},{"taxonomy":"post_tag","embeddable":true,"href":"https:\/\/cpberiain.educacion.navarra.es\/web1\/wp-json\/wp\/v2\/tags?post=3722"}],"curies":[{"name":"wp","href":"https:\/\/api.w.org\/{rel}","templated":true}]}}