{"id":4245,"date":"2021-06-21T10:44:27","date_gmt":"2021-06-21T08:44:27","guid":{"rendered":"https:\/\/cpberiain.educacion.navarra.es\/web1\/?p=4245"},"modified":"2021-06-23T17:48:25","modified_gmt":"2021-06-23T15:48:25","slug":"2oei-en-el-parque-de-los-sentidos","status":"publish","type":"post","link":"https:\/\/cpberiain.educacion.navarra.es\/web1\/2oei-en-el-parque-de-los-sentidos\/","title":{"rendered":"2\u00baEI en el Parque de los Sentidos"},"content":{"rendered":"\n<p>El d\u00eda 19 de mayo, realizamos la salida al <a rel=\"noreferrer noopener\" href=\"http:\/\/www.noain.es\/es\/el-valle\/parque-de-los-sentidos\/\" target=\"_blank\">parque de los sentidos de Noain<\/a>. All\u00ed tuvimos la oportunidad de, a trav\u00e9s de los diferentes sentidos, explorar el parque, con sus flores, \u00e1rboles y arbustos. <\/p>\n\n\n\n<!--more-->\n\n\n\n<p>Los monitores Aritz y Bel\u00e9n nos guiaron para recorrer las diferentes zonas, experimentando el olfato, el o\u00eddo, el tacto y la vista.<\/p>\n\n\n\n<p>Disfrutamos y jugamos mucho\u00a0 tambi\u00e9n en el parque exterior de juegos. Fue una bonita salida de la que dejamos constancia en este enlace: <a rel=\"noreferrer noopener\" href=\"https:\/\/photos.app.goo.gl\/RALmSmCGdDgNifDt9\" target=\"_blank\">https:\/\/photos.app.goo.gl\/RALmSmCGdDgNifDt9<\/a><\/p>\n\n\n\n<figure class=\"wp-block-image size-large\"><img data-attachment-id=\"4246\" data-permalink=\"https:\/\/cpberiain.educacion.navarra.es\/web1\/2oei-en-el-parque-de-los-sentidos\/img_20210519_122931\/\" data-orig-file=\"https:\/\/i0.wp.com\/cpberiain.educacion.navarra.es\/web1\/wp-content\/uploads\/2021\/06\/IMG_20210519_122931.jpg?fit=1200%2C900&amp;ssl=1\" data-orig-size=\"1200,900\" data-comments-opened=\"1\" data-image-meta=\"{&quot;aperture&quot;:&quot;2.4&quot;,&quot;credit&quot;:&quot;&quot;,&quot;camera&quot;:&quot;YAL-L21&quot;,&quot;caption&quot;:&quot;&quot;,&quot;created_timestamp&quot;:&quot;1621427372&quot;,&quot;copyright&quot;:&quot;&quot;,&quot;focal_length&quot;:&quot;4.75&quot;,&quot;iso&quot;:&quot;50&quot;,&quot;shutter_speed&quot;:&quot;0.001542&quot;,&quot;title&quot;:&quot;&quot;,&quot;orientation&quot;:&quot;1&quot;}\" data-image-title=\"IMG_20210519_122931\" data-image-description=\"\" data-image-caption=\"\" data-medium-file=\"https:\/\/i0.wp.com\/cpberiain.educacion.navarra.es\/web1\/wp-content\/uploads\/2021\/06\/IMG_20210519_122931.jpg?fit=300%2C225&amp;ssl=1\" data-large-file=\"https:\/\/i0.wp.com\/cpberiain.educacion.navarra.es\/web1\/wp-content\/uploads\/2021\/06\/IMG_20210519_122931.jpg?fit=1024%2C768&amp;ssl=1\" loading=\"lazy\" width=\"1024\" height=\"768\" src=\"https:\/\/i0.wp.com\/cpberiain.educacion.navarra.es\/web1\/wp-content\/uploads\/2021\/06\/IMG_20210519_122931.jpg?resize=1024%2C768&#038;ssl=1\" alt=\"\" class=\"wp-image-4246\" srcset=\"https:\/\/i0.wp.com\/cpberiain.educacion.navarra.es\/web1\/wp-content\/uploads\/2021\/06\/IMG_20210519_122931.jpg?resize=1024%2C768&amp;ssl=1 1024w, https:\/\/i0.wp.com\/cpberiain.educacion.navarra.es\/web1\/wp-content\/uploads\/2021\/06\/IMG_20210519_122931.jpg?resize=300%2C225&amp;ssl=1 300w, https:\/\/i0.wp.com\/cpberiain.educacion.navarra.es\/web1\/wp-content\/uploads\/2021\/06\/IMG_20210519_122931.jpg?resize=768%2C576&amp;ssl=1 768w, https:\/\/i0.wp.com\/cpberiain.educacion.navarra.es\/web1\/wp-content\/uploads\/2021\/06\/IMG_20210519_122931.jpg?w=1200&amp;ssl=1 1200w\" sizes=\"(max-width: 1000px) 100vw, 1000px\" data-recalc-dims=\"1\" \/><\/figure>\n","protected":false},"excerpt":{"rendered":"<p>El d\u00eda 19 de mayo, realizamos la salida al parque de los sentidos de Noain. All\u00ed tuvimos la oportunidad de, a trav\u00e9s de los diferentes sentidos, explorar el parque, con sus flores, \u00e1rboles y arbustos.<\/p>\n","protected":false},"author":13,"featured_media":0,"comment_status":"open","ping_status":"open","sticky":false,"template":"","format":"standard","meta":{"_genesis_hide_title":false,"_genesis_hide_breadcrumbs":false,"_genesis_hide_singular_image":false,"_genesis_hide_footer_widgets":false,"_genesis_custom_body_class":"","_genesis_custom_post_class":"","_genesis_layout":"","jetpack_post_was_ever_published":false,"jetpack_publicize_message":"","jetpack_is_tweetstorm":false,"jetpack_publicize_feature_enabled":true},"categories":[65,36,1],"tags":[],"jetpack_publicize_connections":[],"jetpack_featured_media_url":"","jetpack_sharing_enabled":true,"_links":{"self":[{"href":"https:\/\/cpberiain.educacion.navarra.es\/web1\/wp-json\/wp\/v2\/posts\/4245"}],"collection":[{"href":"https:\/\/cpberiain.educacion.navarra.es\/web1\/wp-json\/wp\/v2\/posts"}],"about":[{"href":"https:\/\/cpberiain.educacion.navarra.es\/web1\/wp-json\/wp\/v2\/types\/post"}],"author":[{"embeddable":true,"href":"https:\/\/cpberiain.educacion.navarra.es\/web1\/wp-json\/wp\/v2\/users\/13"}],"replies":[{"embeddable":true,"href":"https:\/\/cpberiain.educacion.navarra.es\/web1\/wp-json\/wp\/v2\/comments?post=4245"}],"version-history":[{"count":5,"href":"https:\/\/cpberiain.educacion.navarra.es\/web1\/wp-json\/wp\/v2\/posts\/4245\/revisions"}],"predecessor-version":[{"id":4299,"href":"https:\/\/cpberiain.educacion.navarra.es\/web1\/wp-json\/wp\/v2\/posts\/4245\/revisions\/4299"}],"wp:attachment":[{"href":"https:\/\/cpberiain.educacion.navarra.es\/web1\/wp-json\/wp\/v2\/media?parent=4245"}],"wp:term":[{"taxonomy":"category","embeddable":true,"href":"https:\/\/cpberiain.educacion.navarra.es\/web1\/wp-json\/wp\/v2\/categories?post=4245"},{"taxonomy":"post_tag","embeddable":true,"href":"https:\/\/cpberiain.educacion.navarra.es\/web1\/wp-json\/wp\/v2\/tags?post=4245"}],"curies":[{"name":"wp","href":"https:\/\/api.w.org\/{rel}","templated":true}]}}