{"id":4249,"date":"2021-06-21T10:48:07","date_gmt":"2021-06-21T08:48:07","guid":{"rendered":"https:\/\/cpberiain.educacion.navarra.es\/web1\/?p=4249"},"modified":"2021-06-22T18:56:35","modified_gmt":"2021-06-22T16:56:35","slug":"2oei-visita-de-gaiteros-y-gigantes","status":"publish","type":"post","link":"https:\/\/cpberiain.educacion.navarra.es\/web1\/2oei-visita-de-gaiteros-y-gigantes\/","title":{"rendered":"Visita de gaiteros y gigantes a E.infantil"},"content":{"rendered":"\n<p>  El pasado 18 de junio nos visitaron los gaiteros y los gigantes txikis de Beri\u00e1in. Los ni\u00f1os pudieron disfrutar de una ma\u00f1ana alegre amenizada por la m\u00fasica de las gaitas y los bailes de los gigantes. <\/p>\n\n\n\n<!--more-->\n\n\n\n<p><a href=\"https:\/\/photos.app.goo.gl\/wFGqvfDSsDR4exGK7\" target=\"_blank\" rel=\"noreferrer noopener\">https:\/\/photos.app.goo.gl\/wFGqvfDSsDR4exGK7<\/a> <\/p>\n\n\n\n<figure class=\"wp-block-image size-large\"><img data-attachment-id=\"4250\" data-permalink=\"https:\/\/cpberiain.educacion.navarra.es\/web1\/2oei-visita-de-gaiteros-y-gigantes\/img_20210618_104414\/\" data-orig-file=\"https:\/\/i0.wp.com\/cpberiain.educacion.navarra.es\/web1\/wp-content\/uploads\/2021\/06\/IMG_20210618_104414.jpg?fit=1200%2C900&amp;ssl=1\" data-orig-size=\"1200,900\" data-comments-opened=\"1\" data-image-meta=\"{&quot;aperture&quot;:&quot;1.8&quot;,&quot;credit&quot;:&quot;&quot;,&quot;camera&quot;:&quot;YAL-L21&quot;,&quot;caption&quot;:&quot;&quot;,&quot;created_timestamp&quot;:&quot;1624013055&quot;,&quot;copyright&quot;:&quot;&quot;,&quot;focal_length&quot;:&quot;4.75&quot;,&quot;iso&quot;:&quot;50&quot;,&quot;shutter_speed&quot;:&quot;0.000748&quot;,&quot;title&quot;:&quot;&quot;,&quot;orientation&quot;:&quot;1&quot;}\" data-image-title=\"IMG_20210618_104414\" data-image-description=\"\" data-image-caption=\"\" data-medium-file=\"https:\/\/i0.wp.com\/cpberiain.educacion.navarra.es\/web1\/wp-content\/uploads\/2021\/06\/IMG_20210618_104414.jpg?fit=300%2C225&amp;ssl=1\" data-large-file=\"https:\/\/i0.wp.com\/cpberiain.educacion.navarra.es\/web1\/wp-content\/uploads\/2021\/06\/IMG_20210618_104414.jpg?fit=1024%2C768&amp;ssl=1\" loading=\"lazy\" width=\"1024\" height=\"768\" src=\"https:\/\/i0.wp.com\/cpberiain.educacion.navarra.es\/web1\/wp-content\/uploads\/2021\/06\/IMG_20210618_104414.jpg?resize=1024%2C768&#038;ssl=1\" alt=\"\" class=\"wp-image-4250\" srcset=\"https:\/\/i0.wp.com\/cpberiain.educacion.navarra.es\/web1\/wp-content\/uploads\/2021\/06\/IMG_20210618_104414.jpg?resize=1024%2C768&amp;ssl=1 1024w, https:\/\/i0.wp.com\/cpberiain.educacion.navarra.es\/web1\/wp-content\/uploads\/2021\/06\/IMG_20210618_104414.jpg?resize=300%2C225&amp;ssl=1 300w, https:\/\/i0.wp.com\/cpberiain.educacion.navarra.es\/web1\/wp-content\/uploads\/2021\/06\/IMG_20210618_104414.jpg?resize=768%2C576&amp;ssl=1 768w, https:\/\/i0.wp.com\/cpberiain.educacion.navarra.es\/web1\/wp-content\/uploads\/2021\/06\/IMG_20210618_104414.jpg?w=1200&amp;ssl=1 1200w\" sizes=\"(max-width: 1000px) 100vw, 1000px\" data-recalc-dims=\"1\" \/><\/figure>\n","protected":false},"excerpt":{"rendered":"<p>El pasado 18 de junio nos visitaron los gaiteros y los gigantes txikis de Beri\u00e1in. Los ni\u00f1os pudieron disfrutar de una ma\u00f1ana alegre amenizada por la m\u00fasica de las gaitas y los bailes de los gigantes.<\/p>\n","protected":false},"author":13,"featured_media":0,"comment_status":"open","ping_status":"open","sticky":false,"template":"","format":"standard","meta":{"_genesis_hide_title":false,"_genesis_hide_breadcrumbs":false,"_genesis_hide_singular_image":false,"_genesis_hide_footer_widgets":false,"_genesis_custom_body_class":"","_genesis_custom_post_class":"","_genesis_layout":"","jetpack_post_was_ever_published":false,"jetpack_publicize_message":"","jetpack_is_tweetstorm":false,"jetpack_publicize_feature_enabled":true},"categories":[65,36,1],"tags":[],"jetpack_publicize_connections":[],"jetpack_featured_media_url":"","jetpack_sharing_enabled":true,"_links":{"self":[{"href":"https:\/\/cpberiain.educacion.navarra.es\/web1\/wp-json\/wp\/v2\/posts\/4249"}],"collection":[{"href":"https:\/\/cpberiain.educacion.navarra.es\/web1\/wp-json\/wp\/v2\/posts"}],"about":[{"href":"https:\/\/cpberiain.educacion.navarra.es\/web1\/wp-json\/wp\/v2\/types\/post"}],"author":[{"embeddable":true,"href":"https:\/\/cpberiain.educacion.navarra.es\/web1\/wp-json\/wp\/v2\/users\/13"}],"replies":[{"embeddable":true,"href":"https:\/\/cpberiain.educacion.navarra.es\/web1\/wp-json\/wp\/v2\/comments?post=4249"}],"version-history":[{"count":5,"href":"https:\/\/cpberiain.educacion.navarra.es\/web1\/wp-json\/wp\/v2\/posts\/4249\/revisions"}],"predecessor-version":[{"id":4287,"href":"https:\/\/cpberiain.educacion.navarra.es\/web1\/wp-json\/wp\/v2\/posts\/4249\/revisions\/4287"}],"wp:attachment":[{"href":"https:\/\/cpberiain.educacion.navarra.es\/web1\/wp-json\/wp\/v2\/media?parent=4249"}],"wp:term":[{"taxonomy":"category","embeddable":true,"href":"https:\/\/cpberiain.educacion.navarra.es\/web1\/wp-json\/wp\/v2\/categories?post=4249"},{"taxonomy":"post_tag","embeddable":true,"href":"https:\/\/cpberiain.educacion.navarra.es\/web1\/wp-json\/wp\/v2\/tags?post=4249"}],"curies":[{"name":"wp","href":"https:\/\/api.w.org\/{rel}","templated":true}]}}