{"id":4360,"date":"2021-10-10T10:20:21","date_gmt":"2021-10-10T08:20:21","guid":{"rendered":"https:\/\/cpberiain.educacion.navarra.es\/web1\/?p=4360"},"modified":"2021-10-10T12:17:48","modified_gmt":"2021-10-10T10:17:48","slug":"jubilacion-de-teresa-erviti","status":"publish","type":"post","link":"https:\/\/cpberiain.educacion.navarra.es\/web1\/jubilacion-de-teresa-erviti\/","title":{"rendered":"Jubilaci\u00f3n de Teresa Erviti"},"content":{"rendered":"\n<p> El 27 de septiembre lleg\u00f3 la merecida jubilaci\u00f3n de nuestra compa\u00f1era Teresa Erviti, tras casi 30 a\u00f1os de trabajo en el colegio de Beri\u00e1in.  <\/p>\n\n\n\n<!--more-->\n\n\n\n<p>Dedicada a la Educaci\u00f3n Infantil, ha acompa\u00f1ado y ense\u00f1ado a cientos de ni\u00f1os y ni\u00f1as durante todos estos a\u00f1os con todo su cari\u00f1o y profesionalidad. Aqu\u00ed deja un grato recuerdo en alumnado, profesorado y familias; y desde el cole te enviamos&nbsp;nuestros mejores deseos en esta nueva etapa. <\/p>\n\n\n\n<p>\u00a1A disfrutar, Tere!<\/p>\n\n\n\n<p><\/p>\n\n\n\n<p class=\"has-text-align-center\"><em><strong>EDUCAR<\/strong><\/em><\/p>\n\n\n\n<p class=\"has-text-align-center\"><em>Educar es lo mismo<br>que poner un motor a una barca\u2026<br>Hay que medir, pensar, equilibrar\u2026<br>y poner todo en marcha.<\/em><\/p>\n\n\n\n<p class=\"has-text-align-center\"><em>Pero para eso,<br>uno tiene que llevar en el alma<br>un poco de marino\u2026<br>un poco de pirata\u2026<br>un poco de poeta\u2026<br>y un kilo y medio de paciencia concentrada<\/em>.<\/p>\n\n\n\n<p class=\"has-text-align-center\"><em>Pero es consolador so\u00f1ar,<br>mientras uno trabaja,<br>que ese barco, ese ni\u00f1o,<br>ir\u00e1 muy lejos por el agua.<\/em><\/p>\n\n\n\n<p class=\"has-text-align-center\"><em>So\u00f1ar que ese nav\u00edo<br>llevar\u00e1 nuestra carga de palabras<br>hacia puertos distantes, hacia islas lejanas<\/em>.<\/p>\n\n\n\n<p class=\"has-text-align-center\"><em>So\u00f1ar que, cuando un d\u00eda<br>est\u00e9 durmiendo nuestra propia barca,<br>en barcos nuevos seguir\u00e1<br>nuestra bandera enarbolada.<\/em> <\/p>\n\n\n\n<p class=\"has-text-align-center\"><em>Gabriel Celaya<\/em><\/p>\n\n\n\n<p><\/p>\n\n\n\n<div class=\"wp-block-image\"><figure class=\"aligncenter size-full is-resized\"><img data-attachment-id=\"4361\" data-permalink=\"https:\/\/cpberiain.educacion.navarra.es\/web1\/jubilacion-de-teresa-erviti\/tere-2\/\" data-orig-file=\"https:\/\/i0.wp.com\/cpberiain.educacion.navarra.es\/web1\/wp-content\/uploads\/2021\/10\/tere-2.png?fit=560%2C691&amp;ssl=1\" data-orig-size=\"560,691\" data-comments-opened=\"1\" data-image-meta=\"{&quot;aperture&quot;:&quot;0&quot;,&quot;credit&quot;:&quot;&quot;,&quot;camera&quot;:&quot;&quot;,&quot;caption&quot;:&quot;&quot;,&quot;created_timestamp&quot;:&quot;0&quot;,&quot;copyright&quot;:&quot;&quot;,&quot;focal_length&quot;:&quot;0&quot;,&quot;iso&quot;:&quot;0&quot;,&quot;shutter_speed&quot;:&quot;0&quot;,&quot;title&quot;:&quot;&quot;,&quot;orientation&quot;:&quot;0&quot;}\" data-image-title=\"tere-2\" data-image-description=\"\" data-image-caption=\"\" data-medium-file=\"https:\/\/i0.wp.com\/cpberiain.educacion.navarra.es\/web1\/wp-content\/uploads\/2021\/10\/tere-2.png?fit=243%2C300&amp;ssl=1\" data-large-file=\"https:\/\/i0.wp.com\/cpberiain.educacion.navarra.es\/web1\/wp-content\/uploads\/2021\/10\/tere-2.png?fit=560%2C691&amp;ssl=1\" loading=\"lazy\" src=\"https:\/\/i0.wp.com\/cpberiain.educacion.navarra.es\/web1\/wp-content\/uploads\/2021\/10\/tere-2.png?resize=278%2C343&#038;ssl=1\" alt=\"\" class=\"wp-image-4361\" width=\"278\" height=\"343\" srcset=\"https:\/\/i0.wp.com\/cpberiain.educacion.navarra.es\/web1\/wp-content\/uploads\/2021\/10\/tere-2.png?w=560&amp;ssl=1 560w, https:\/\/i0.wp.com\/cpberiain.educacion.navarra.es\/web1\/wp-content\/uploads\/2021\/10\/tere-2.png?resize=243%2C300&amp;ssl=1 243w\" sizes=\"(max-width: 278px) 100vw, 278px\" data-recalc-dims=\"1\" \/><figcaption>Teresa leyendo su discurso en la celebraci\u00f3n de su jubilaci\u00f3n con sus compa\u00f1eras<\/figcaption><\/figure><\/div>\n\n\n\n<div class=\"wp-block-image\"><figure class=\"aligncenter size-full\"><img data-attachment-id=\"4363\" data-permalink=\"https:\/\/cpberiain.educacion.navarra.es\/web1\/jubilacion-de-teresa-erviti\/img-20211010-wa0009\/\" data-orig-file=\"https:\/\/i0.wp.com\/cpberiain.educacion.navarra.es\/web1\/wp-content\/uploads\/2021\/10\/IMG-20211010-WA0009.jpg?fit=1024%2C768&amp;ssl=1\" data-orig-size=\"1024,768\" data-comments-opened=\"1\" data-image-meta=\"{&quot;aperture&quot;:&quot;0&quot;,&quot;credit&quot;:&quot;&quot;,&quot;camera&quot;:&quot;&quot;,&quot;caption&quot;:&quot;&quot;,&quot;created_timestamp&quot;:&quot;0&quot;,&quot;copyright&quot;:&quot;&quot;,&quot;focal_length&quot;:&quot;0&quot;,&quot;iso&quot;:&quot;0&quot;,&quot;shutter_speed&quot;:&quot;0&quot;,&quot;title&quot;:&quot;&quot;,&quot;orientation&quot;:&quot;0&quot;}\" data-image-title=\"IMG-20211010-WA0009\" data-image-description=\"\" data-image-caption=\"\" data-medium-file=\"https:\/\/i0.wp.com\/cpberiain.educacion.navarra.es\/web1\/wp-content\/uploads\/2021\/10\/IMG-20211010-WA0009.jpg?fit=300%2C225&amp;ssl=1\" data-large-file=\"https:\/\/i0.wp.com\/cpberiain.educacion.navarra.es\/web1\/wp-content\/uploads\/2021\/10\/IMG-20211010-WA0009.jpg?fit=1024%2C768&amp;ssl=1\" loading=\"lazy\" width=\"1024\" height=\"768\" src=\"https:\/\/i0.wp.com\/cpberiain.educacion.navarra.es\/web1\/wp-content\/uploads\/2021\/10\/IMG-20211010-WA0009.jpg?resize=1024%2C768&#038;ssl=1\" alt=\"\" class=\"wp-image-4363\" srcset=\"https:\/\/i0.wp.com\/cpberiain.educacion.navarra.es\/web1\/wp-content\/uploads\/2021\/10\/IMG-20211010-WA0009.jpg?w=1024&amp;ssl=1 1024w, https:\/\/i0.wp.com\/cpberiain.educacion.navarra.es\/web1\/wp-content\/uploads\/2021\/10\/IMG-20211010-WA0009.jpg?resize=300%2C225&amp;ssl=1 300w, https:\/\/i0.wp.com\/cpberiain.educacion.navarra.es\/web1\/wp-content\/uploads\/2021\/10\/IMG-20211010-WA0009.jpg?resize=768%2C576&amp;ssl=1 768w\" sizes=\"(max-width: 1000px) 100vw, 1000px\" data-recalc-dims=\"1\" \/><figcaption>Disfrutando con sus chicos y chicas <\/figcaption><\/figure><\/div>\n","protected":false},"excerpt":{"rendered":"<p>El 27 de septiembre lleg\u00f3 la merecida jubilaci\u00f3n de nuestra compa\u00f1era Teresa Erviti, tras casi 30 a\u00f1os de trabajo en el colegio de Beri\u00e1in.<\/p>\n","protected":false},"author":13,"featured_media":0,"comment_status":"open","ping_status":"open","sticky":false,"template":"","format":"standard","meta":{"_genesis_hide_title":false,"_genesis_hide_breadcrumbs":false,"_genesis_hide_singular_image":false,"_genesis_hide_footer_widgets":false,"_genesis_custom_body_class":"","_genesis_custom_post_class":"","_genesis_layout":"","jetpack_post_was_ever_published":false,"jetpack_publicize_message":"","jetpack_is_tweetstorm":false,"jetpack_publicize_feature_enabled":true},"categories":[66,1],"tags":[],"jetpack_publicize_connections":[],"jetpack_featured_media_url":"","jetpack_sharing_enabled":true,"_links":{"self":[{"href":"https:\/\/cpberiain.educacion.navarra.es\/web1\/wp-json\/wp\/v2\/posts\/4360"}],"collection":[{"href":"https:\/\/cpberiain.educacion.navarra.es\/web1\/wp-json\/wp\/v2\/posts"}],"about":[{"href":"https:\/\/cpberiain.educacion.navarra.es\/web1\/wp-json\/wp\/v2\/types\/post"}],"author":[{"embeddable":true,"href":"https:\/\/cpberiain.educacion.navarra.es\/web1\/wp-json\/wp\/v2\/users\/13"}],"replies":[{"embeddable":true,"href":"https:\/\/cpberiain.educacion.navarra.es\/web1\/wp-json\/wp\/v2\/comments?post=4360"}],"version-history":[{"count":3,"href":"https:\/\/cpberiain.educacion.navarra.es\/web1\/wp-json\/wp\/v2\/posts\/4360\/revisions"}],"predecessor-version":[{"id":4365,"href":"https:\/\/cpberiain.educacion.navarra.es\/web1\/wp-json\/wp\/v2\/posts\/4360\/revisions\/4365"}],"wp:attachment":[{"href":"https:\/\/cpberiain.educacion.navarra.es\/web1\/wp-json\/wp\/v2\/media?parent=4360"}],"wp:term":[{"taxonomy":"category","embeddable":true,"href":"https:\/\/cpberiain.educacion.navarra.es\/web1\/wp-json\/wp\/v2\/categories?post=4360"},{"taxonomy":"post_tag","embeddable":true,"href":"https:\/\/cpberiain.educacion.navarra.es\/web1\/wp-json\/wp\/v2\/tags?post=4360"}],"curies":[{"name":"wp","href":"https:\/\/api.w.org\/{rel}","templated":true}]}}