{"id":4366,"date":"2021-10-15T08:48:00","date_gmt":"2021-10-15T06:48:00","guid":{"rendered":"https:\/\/cpberiain.educacion.navarra.es\/web1\/?p=4366"},"modified":"2021-10-15T04:56:21","modified_gmt":"2021-10-15T02:56:21","slug":"5o-y-6oep-taller-si-yo-fuera-picasso","status":"publish","type":"post","link":"https:\/\/cpberiain.educacion.navarra.es\/web1\/5o-y-6oep-taller-si-yo-fuera-picasso\/","title":{"rendered":"5\u00ba y 6\u00baEP. Taller \u00abSi yo fuera Picasso\u00bb"},"content":{"rendered":"\n<p>Nuestro alumnado de Tercer Ciclo de Primaria ha pasado un d\u00eda estupendo en el Museo Universidad de Navarra. Nos hemos acercado al arte contempor\u00e1neo, a la abstracci\u00f3n y han podido conocer y observar de cerca a artistas tan fabulosos como T\u00e1pies, Rothko, Oteiza, Picasso y otros.<\/p>\n\n\n\n<!--more-->\n\n\n\n<p>Hemos recorrido el camino de la expresi\u00f3n art\u00edstica y la paz, y fruto de las explicaciones recibidas han elaborado un cuadro representando la paloma de la paz al estilo cubista.<\/p>\n\n\n\n<p>\u00a1Esperamos que disfrut\u00e9is de nuestas fotos!<\/p>\n\n\n\n<p> <a rel=\"noreferrer noopener\" href=\"https:\/\/photos.app.goo.gl\/mrSKBqyRb9NusTFG9\" target=\"_blank\">https:\/\/photos.app.goo.gl\/mrSKBqyRb9NusTFG9<\/a><\/p>\n\n\n\n<div class=\"wp-block-image is-style-default\"><figure class=\"aligncenter size-full is-resized\"><img data-attachment-id=\"4373\" data-permalink=\"https:\/\/cpberiain.educacion.navarra.es\/web1\/5o-y-6oep-taller-si-yo-fuera-picasso\/sin-titulo\/\" data-orig-file=\"https:\/\/i0.wp.com\/cpberiain.educacion.navarra.es\/web1\/wp-content\/uploads\/2021\/10\/Sin-titulo.png?fit=825%2C555&amp;ssl=1\" data-orig-size=\"825,555\" data-comments-opened=\"1\" data-image-meta=\"{&quot;aperture&quot;:&quot;0&quot;,&quot;credit&quot;:&quot;&quot;,&quot;camera&quot;:&quot;&quot;,&quot;caption&quot;:&quot;&quot;,&quot;created_timestamp&quot;:&quot;0&quot;,&quot;copyright&quot;:&quot;&quot;,&quot;focal_length&quot;:&quot;0&quot;,&quot;iso&quot;:&quot;0&quot;,&quot;shutter_speed&quot;:&quot;0&quot;,&quot;title&quot;:&quot;&quot;,&quot;orientation&quot;:&quot;0&quot;}\" data-image-title=\"Sin-titulo\" data-image-description=\"\" data-image-caption=\"\" data-medium-file=\"https:\/\/i0.wp.com\/cpberiain.educacion.navarra.es\/web1\/wp-content\/uploads\/2021\/10\/Sin-titulo.png?fit=300%2C202&amp;ssl=1\" data-large-file=\"https:\/\/i0.wp.com\/cpberiain.educacion.navarra.es\/web1\/wp-content\/uploads\/2021\/10\/Sin-titulo.png?fit=825%2C555&amp;ssl=1\" loading=\"lazy\" src=\"https:\/\/i0.wp.com\/cpberiain.educacion.navarra.es\/web1\/wp-content\/uploads\/2021\/10\/Sin-titulo.png?resize=700%2C471&#038;ssl=1\" alt=\"\" class=\"wp-image-4373\" width=\"700\" height=\"471\" srcset=\"https:\/\/i0.wp.com\/cpberiain.educacion.navarra.es\/web1\/wp-content\/uploads\/2021\/10\/Sin-titulo.png?w=825&amp;ssl=1 825w, https:\/\/i0.wp.com\/cpberiain.educacion.navarra.es\/web1\/wp-content\/uploads\/2021\/10\/Sin-titulo.png?resize=300%2C202&amp;ssl=1 300w, https:\/\/i0.wp.com\/cpberiain.educacion.navarra.es\/web1\/wp-content\/uploads\/2021\/10\/Sin-titulo.png?resize=768%2C517&amp;ssl=1 768w\" sizes=\"(max-width: 700px) 100vw, 700px\" data-recalc-dims=\"1\" \/><\/figure><\/div>\n\n\n\n<div class=\"wp-block-image is-style-default\"><figure class=\"aligncenter size-large is-resized\"><img data-attachment-id=\"4375\" data-permalink=\"https:\/\/cpberiain.educacion.navarra.es\/web1\/5o-y-6oep-taller-si-yo-fuera-picasso\/img_6333\/\" data-orig-file=\"https:\/\/i0.wp.com\/cpberiain.educacion.navarra.es\/web1\/wp-content\/uploads\/2021\/10\/IMG_6333.jpg?fit=1614%2C925&amp;ssl=1\" data-orig-size=\"1614,925\" data-comments-opened=\"1\" data-image-meta=\"{&quot;aperture&quot;:&quot;1.8&quot;,&quot;credit&quot;:&quot;&quot;,&quot;camera&quot;:&quot;iPhone 7&quot;,&quot;caption&quot;:&quot;&quot;,&quot;created_timestamp&quot;:&quot;1634124850&quot;,&quot;copyright&quot;:&quot;&quot;,&quot;focal_length&quot;:&quot;3.99&quot;,&quot;iso&quot;:&quot;32&quot;,&quot;shutter_speed&quot;:&quot;0.02&quot;,&quot;title&quot;:&quot;&quot;,&quot;orientation&quot;:&quot;1&quot;}\" data-image-title=\"IMG_6333\" data-image-description=\"\" data-image-caption=\"\" data-medium-file=\"https:\/\/i0.wp.com\/cpberiain.educacion.navarra.es\/web1\/wp-content\/uploads\/2021\/10\/IMG_6333.jpg?fit=300%2C172&amp;ssl=1\" data-large-file=\"https:\/\/i0.wp.com\/cpberiain.educacion.navarra.es\/web1\/wp-content\/uploads\/2021\/10\/IMG_6333.jpg?fit=1024%2C587&amp;ssl=1\" loading=\"lazy\" src=\"https:\/\/i0.wp.com\/cpberiain.educacion.navarra.es\/web1\/wp-content\/uploads\/2021\/10\/IMG_6333.jpg?resize=1024%2C587&#038;ssl=1\" alt=\"\" class=\"wp-image-4375\" width=\"-1668\" height=\"-953\" srcset=\"https:\/\/i0.wp.com\/cpberiain.educacion.navarra.es\/web1\/wp-content\/uploads\/2021\/10\/IMG_6333.jpg?resize=1024%2C587&amp;ssl=1 1024w, https:\/\/i0.wp.com\/cpberiain.educacion.navarra.es\/web1\/wp-content\/uploads\/2021\/10\/IMG_6333.jpg?resize=300%2C172&amp;ssl=1 300w, https:\/\/i0.wp.com\/cpberiain.educacion.navarra.es\/web1\/wp-content\/uploads\/2021\/10\/IMG_6333.jpg?resize=768%2C440&amp;ssl=1 768w, https:\/\/i0.wp.com\/cpberiain.educacion.navarra.es\/web1\/wp-content\/uploads\/2021\/10\/IMG_6333.jpg?resize=1536%2C880&amp;ssl=1 1536w, https:\/\/i0.wp.com\/cpberiain.educacion.navarra.es\/web1\/wp-content\/uploads\/2021\/10\/IMG_6333.jpg?w=1614&amp;ssl=1 1614w\" sizes=\"(max-width: 1000px) 100vw, 1000px\" data-recalc-dims=\"1\" \/><\/figure><\/div>\n\n\n\n<p><\/p>\n","protected":false},"excerpt":{"rendered":"<p>Nuestro alumnado de Tercer Ciclo de Primaria ha pasado un d\u00eda estupendo en el Museo Universidad de Navarra. Nos hemos acercado al arte contempor\u00e1neo, a la abstracci\u00f3n y han podido conocer y observar de cerca a artistas tan fabulosos como T\u00e1pies, Rothko, Oteiza, Picasso y otros.<\/p>\n","protected":false},"author":13,"featured_media":0,"comment_status":"open","ping_status":"open","sticky":false,"template":"","format":"standard","meta":{"_genesis_hide_title":false,"_genesis_hide_breadcrumbs":false,"_genesis_hide_singular_image":false,"_genesis_hide_footer_widgets":false,"_genesis_custom_body_class":"","_genesis_custom_post_class":"","_genesis_layout":"","jetpack_post_was_ever_published":false,"jetpack_publicize_message":"","jetpack_is_tweetstorm":false,"jetpack_publicize_feature_enabled":true},"categories":[66,1],"tags":[],"jetpack_publicize_connections":[],"jetpack_featured_media_url":"","jetpack_sharing_enabled":true,"_links":{"self":[{"href":"https:\/\/cpberiain.educacion.navarra.es\/web1\/wp-json\/wp\/v2\/posts\/4366"}],"collection":[{"href":"https:\/\/cpberiain.educacion.navarra.es\/web1\/wp-json\/wp\/v2\/posts"}],"about":[{"href":"https:\/\/cpberiain.educacion.navarra.es\/web1\/wp-json\/wp\/v2\/types\/post"}],"author":[{"embeddable":true,"href":"https:\/\/cpberiain.educacion.navarra.es\/web1\/wp-json\/wp\/v2\/users\/13"}],"replies":[{"embeddable":true,"href":"https:\/\/cpberiain.educacion.navarra.es\/web1\/wp-json\/wp\/v2\/comments?post=4366"}],"version-history":[{"count":11,"href":"https:\/\/cpberiain.educacion.navarra.es\/web1\/wp-json\/wp\/v2\/posts\/4366\/revisions"}],"predecessor-version":[{"id":4384,"href":"https:\/\/cpberiain.educacion.navarra.es\/web1\/wp-json\/wp\/v2\/posts\/4366\/revisions\/4384"}],"wp:attachment":[{"href":"https:\/\/cpberiain.educacion.navarra.es\/web1\/wp-json\/wp\/v2\/media?parent=4366"}],"wp:term":[{"taxonomy":"category","embeddable":true,"href":"https:\/\/cpberiain.educacion.navarra.es\/web1\/wp-json\/wp\/v2\/categories?post=4366"},{"taxonomy":"post_tag","embeddable":true,"href":"https:\/\/cpberiain.educacion.navarra.es\/web1\/wp-json\/wp\/v2\/tags?post=4366"}],"curies":[{"name":"wp","href":"https:\/\/api.w.org\/{rel}","templated":true}]}}