{"id":4572,"date":"2022-02-09T21:03:08","date_gmt":"2022-02-09T20:03:08","guid":{"rendered":"https:\/\/cpberiain.educacion.navarra.es\/web1\/?p=4572"},"modified":"2022-02-09T21:09:33","modified_gmt":"2022-02-09T20:09:33","slug":"5o-ep-teatro-forum-bullying","status":"publish","type":"post","link":"https:\/\/cpberiain.educacion.navarra.es\/web1\/5o-ep-teatro-forum-bullying\/","title":{"rendered":"5\u00ba EP. Teatro Forum. Bullying"},"content":{"rendered":"\n<p>En el d\u00eda de hoy el alumnado de 5\u00ba de primaria hemos pasado pr\u00e1cticamente&nbsp;toda la jornada trabajando y reflexionando sobre las relaciones que mantenemos entre nosotros y nosotras. <\/p>\n\n\n\n<!--more-->\n\n\n\n<p>Hemos pensado, interpretado y actuado sobre las diferentes circunstancias y situaciones que se viven en el aula. Nos hemos puesto en la piel del testigo, la persona que agrede y la v\u00edctima. Hemos intentado empatizar y creo que nos ha servido para entender, comprender y esclarecer algunos conceptos e ideas. <\/p>\n\n\n\n<p>Ha sido bastante entretenido, ya que despu\u00e9s de ver el teatro hemos podido participar y ver qu\u00e9 pod\u00edamos&nbsp;haber hecho para que no se diera un final tr\u00e1gico. Finalmente, hemos realizado un taller muy interesante. Aqu\u00ed os dejamos algunas fotos para que pod\u00e1is&nbsp;vernos actuando contra el Bullying: <a rel=\"noreferrer noopener\" href=\"https:\/\/photos.app.goo.gl\/rHSVZeSwA4Q2qJt48\" target=\"_blank\">https:\/\/photos.app.goo.gl\/rHSVZeSwA4Q2qJt48<\/a><\/p>\n\n\n\n<figure class=\"wp-block-image size-large is-resized\"><img data-attachment-id=\"4573\" data-permalink=\"https:\/\/cpberiain.educacion.navarra.es\/web1\/5o-ep-teatro-forum-bullying\/20220209_125615\/\" data-orig-file=\"https:\/\/i0.wp.com\/cpberiain.educacion.navarra.es\/web1\/wp-content\/uploads\/2022\/02\/20220209_125615-scaled.jpg?fit=2560%2C1920&amp;ssl=1\" data-orig-size=\"2560,1920\" data-comments-opened=\"1\" data-image-meta=\"{&quot;aperture&quot;:&quot;2&quot;,&quot;credit&quot;:&quot;&quot;,&quot;camera&quot;:&quot;SM-A515F&quot;,&quot;caption&quot;:&quot;&quot;,&quot;created_timestamp&quot;:&quot;1644411373&quot;,&quot;copyright&quot;:&quot;&quot;,&quot;focal_length&quot;:&quot;4.6&quot;,&quot;iso&quot;:&quot;64&quot;,&quot;shutter_speed&quot;:&quot;0.02&quot;,&quot;title&quot;:&quot;&quot;,&quot;orientation&quot;:&quot;1&quot;}\" data-image-title=\"20220209_125615\" data-image-description=\"\" data-image-caption=\"\" data-medium-file=\"https:\/\/i0.wp.com\/cpberiain.educacion.navarra.es\/web1\/wp-content\/uploads\/2022\/02\/20220209_125615-scaled.jpg?fit=300%2C225&amp;ssl=1\" data-large-file=\"https:\/\/i0.wp.com\/cpberiain.educacion.navarra.es\/web1\/wp-content\/uploads\/2022\/02\/20220209_125615-scaled.jpg?fit=1024%2C768&amp;ssl=1\" loading=\"lazy\" src=\"https:\/\/i0.wp.com\/cpberiain.educacion.navarra.es\/web1\/wp-content\/uploads\/2022\/02\/20220209_125615.jpg?resize=845%2C634&#038;ssl=1\" alt=\"\" class=\"wp-image-4573\" width=\"845\" height=\"634\" srcset=\"https:\/\/i0.wp.com\/cpberiain.educacion.navarra.es\/web1\/wp-content\/uploads\/2022\/02\/20220209_125615-scaled.jpg?resize=1024%2C768&amp;ssl=1 1024w, https:\/\/i0.wp.com\/cpberiain.educacion.navarra.es\/web1\/wp-content\/uploads\/2022\/02\/20220209_125615-scaled.jpg?resize=300%2C225&amp;ssl=1 300w, https:\/\/i0.wp.com\/cpberiain.educacion.navarra.es\/web1\/wp-content\/uploads\/2022\/02\/20220209_125615-scaled.jpg?resize=768%2C576&amp;ssl=1 768w, https:\/\/i0.wp.com\/cpberiain.educacion.navarra.es\/web1\/wp-content\/uploads\/2022\/02\/20220209_125615-scaled.jpg?resize=1536%2C1152&amp;ssl=1 1536w, https:\/\/i0.wp.com\/cpberiain.educacion.navarra.es\/web1\/wp-content\/uploads\/2022\/02\/20220209_125615-scaled.jpg?resize=2048%2C1536&amp;ssl=1 2048w\" sizes=\"(max-width: 845px) 100vw, 845px\" data-recalc-dims=\"1\" \/><\/figure>\n","protected":false},"excerpt":{"rendered":"<p>En el d\u00eda de hoy el alumnado de 5\u00ba de primaria hemos pasado pr\u00e1cticamente&nbsp;toda la jornada trabajando y reflexionando sobre las relaciones que mantenemos entre nosotros y nosotras.<\/p>\n","protected":false},"author":13,"featured_media":0,"comment_status":"open","ping_status":"open","sticky":false,"template":"","format":"standard","meta":{"_genesis_hide_title":false,"_genesis_hide_breadcrumbs":false,"_genesis_hide_singular_image":false,"_genesis_hide_footer_widgets":false,"_genesis_custom_body_class":"","_genesis_custom_post_class":"","_genesis_layout":"","jetpack_post_was_ever_published":false,"jetpack_publicize_message":"","jetpack_is_tweetstorm":false,"jetpack_publicize_feature_enabled":true},"categories":[66,1],"tags":[],"jetpack_publicize_connections":[],"jetpack_featured_media_url":"","jetpack_sharing_enabled":true,"_links":{"self":[{"href":"https:\/\/cpberiain.educacion.navarra.es\/web1\/wp-json\/wp\/v2\/posts\/4572"}],"collection":[{"href":"https:\/\/cpberiain.educacion.navarra.es\/web1\/wp-json\/wp\/v2\/posts"}],"about":[{"href":"https:\/\/cpberiain.educacion.navarra.es\/web1\/wp-json\/wp\/v2\/types\/post"}],"author":[{"embeddable":true,"href":"https:\/\/cpberiain.educacion.navarra.es\/web1\/wp-json\/wp\/v2\/users\/13"}],"replies":[{"embeddable":true,"href":"https:\/\/cpberiain.educacion.navarra.es\/web1\/wp-json\/wp\/v2\/comments?post=4572"}],"version-history":[{"count":2,"href":"https:\/\/cpberiain.educacion.navarra.es\/web1\/wp-json\/wp\/v2\/posts\/4572\/revisions"}],"predecessor-version":[{"id":4575,"href":"https:\/\/cpberiain.educacion.navarra.es\/web1\/wp-json\/wp\/v2\/posts\/4572\/revisions\/4575"}],"wp:attachment":[{"href":"https:\/\/cpberiain.educacion.navarra.es\/web1\/wp-json\/wp\/v2\/media?parent=4572"}],"wp:term":[{"taxonomy":"category","embeddable":true,"href":"https:\/\/cpberiain.educacion.navarra.es\/web1\/wp-json\/wp\/v2\/categories?post=4572"},{"taxonomy":"post_tag","embeddable":true,"href":"https:\/\/cpberiain.educacion.navarra.es\/web1\/wp-json\/wp\/v2\/tags?post=4572"}],"curies":[{"name":"wp","href":"https:\/\/api.w.org\/{rel}","templated":true}]}}