{"id":4769,"date":"2022-04-12T14:45:00","date_gmt":"2022-04-12T12:45:00","guid":{"rendered":"https:\/\/cpberiain.educacion.navarra.es\/web1\/?p=4769"},"modified":"2022-04-12T02:48:26","modified_gmt":"2022-04-12T00:48:26","slug":"4o-ep-reciclaje-de-papel","status":"publish","type":"post","link":"https:\/\/cpberiain.educacion.navarra.es\/web1\/4o-ep-reciclaje-de-papel\/","title":{"rendered":"4\u00ba EP. Reciclaje de papel"},"content":{"rendered":"\n<p>En este taller hemos repasado algunos consejos para cuidar nuestro medio ambiente reutilizando y reciclando los materiales que\u00a0 tenemos. Adem\u00e1s, hemos aprendido a trav\u00e9s de este taller de la Mancomunidad a crear papel reciclado utilizando \u00fanicamente peri\u00f3dicos y agua. <\/p>\n\n\n\n<!--more-->\n\n\n\n<p>\u00a1Fue muy divertido y nos lo pasamos genial! <a href=\"https:\/\/photos.app.goo.gl\/edXWRArSxqVHDDJa8\" target=\"_blank\" rel=\"noreferrer noopener\">https:\/\/photos.app.goo.gl\/edXWRArSxqVHDDJa8<\/a><\/p>\n\n\n\n<figure class=\"wp-block-image size-large\"><img data-attachment-id=\"4770\" data-permalink=\"https:\/\/cpberiain.educacion.navarra.es\/web1\/4o-ep-reciclaje-de-papel\/img-1931\/\" data-orig-file=\"https:\/\/i0.wp.com\/cpberiain.educacion.navarra.es\/web1\/wp-content\/uploads\/2022\/04\/IMG-1931-scaled.jpg?fit=2560%2C1920&amp;ssl=1\" data-orig-size=\"2560,1920\" data-comments-opened=\"1\" data-image-meta=\"{&quot;aperture&quot;:&quot;1.8&quot;,&quot;credit&quot;:&quot;&quot;,&quot;camera&quot;:&quot;iPhone SE (2nd generation)&quot;,&quot;caption&quot;:&quot;&quot;,&quot;created_timestamp&quot;:&quot;1649423417&quot;,&quot;copyright&quot;:&quot;&quot;,&quot;focal_length&quot;:&quot;3.99&quot;,&quot;iso&quot;:&quot;80&quot;,&quot;shutter_speed&quot;:&quot;0.010526315789474&quot;,&quot;title&quot;:&quot;&quot;,&quot;orientation&quot;:&quot;1&quot;}\" data-image-title=\"IMG-1931\" data-image-description=\"\" data-image-caption=\"\" data-medium-file=\"https:\/\/i0.wp.com\/cpberiain.educacion.navarra.es\/web1\/wp-content\/uploads\/2022\/04\/IMG-1931-scaled.jpg?fit=300%2C225&amp;ssl=1\" data-large-file=\"https:\/\/i0.wp.com\/cpberiain.educacion.navarra.es\/web1\/wp-content\/uploads\/2022\/04\/IMG-1931-scaled.jpg?fit=1024%2C768&amp;ssl=1\" loading=\"lazy\" width=\"1024\" height=\"768\" src=\"https:\/\/i0.wp.com\/cpberiain.educacion.navarra.es\/web1\/wp-content\/uploads\/2022\/04\/IMG-1931.jpg?resize=1024%2C768&#038;ssl=1\" alt=\"\" class=\"wp-image-4770\" srcset=\"https:\/\/i0.wp.com\/cpberiain.educacion.navarra.es\/web1\/wp-content\/uploads\/2022\/04\/IMG-1931-scaled.jpg?resize=1024%2C768&amp;ssl=1 1024w, https:\/\/i0.wp.com\/cpberiain.educacion.navarra.es\/web1\/wp-content\/uploads\/2022\/04\/IMG-1931-scaled.jpg?resize=300%2C225&amp;ssl=1 300w, https:\/\/i0.wp.com\/cpberiain.educacion.navarra.es\/web1\/wp-content\/uploads\/2022\/04\/IMG-1931-scaled.jpg?resize=768%2C576&amp;ssl=1 768w, https:\/\/i0.wp.com\/cpberiain.educacion.navarra.es\/web1\/wp-content\/uploads\/2022\/04\/IMG-1931-scaled.jpg?resize=1536%2C1152&amp;ssl=1 1536w, https:\/\/i0.wp.com\/cpberiain.educacion.navarra.es\/web1\/wp-content\/uploads\/2022\/04\/IMG-1931-scaled.jpg?resize=2048%2C1536&amp;ssl=1 2048w\" sizes=\"(max-width: 1000px) 100vw, 1000px\" data-recalc-dims=\"1\" \/><\/figure>\n","protected":false},"excerpt":{"rendered":"<p>En este taller hemos repasado algunos consejos para cuidar nuestro medio ambiente reutilizando y reciclando los materiales que\u00a0 tenemos. Adem\u00e1s, hemos aprendido a trav\u00e9s de este taller de la Mancomunidad a crear papel reciclado utilizando \u00fanicamente peri\u00f3dicos y agua.<\/p>\n","protected":false},"author":13,"featured_media":0,"comment_status":"open","ping_status":"open","sticky":false,"template":"","format":"standard","meta":{"_genesis_hide_title":false,"_genesis_hide_breadcrumbs":false,"_genesis_hide_singular_image":false,"_genesis_hide_footer_widgets":false,"_genesis_custom_body_class":"","_genesis_custom_post_class":"","_genesis_layout":"","jetpack_post_was_ever_published":false,"jetpack_publicize_message":"","jetpack_is_tweetstorm":false,"jetpack_publicize_feature_enabled":true},"categories":[66,1,37],"tags":[],"jetpack_publicize_connections":[],"jetpack_featured_media_url":"","jetpack_sharing_enabled":true,"_links":{"self":[{"href":"https:\/\/cpberiain.educacion.navarra.es\/web1\/wp-json\/wp\/v2\/posts\/4769"}],"collection":[{"href":"https:\/\/cpberiain.educacion.navarra.es\/web1\/wp-json\/wp\/v2\/posts"}],"about":[{"href":"https:\/\/cpberiain.educacion.navarra.es\/web1\/wp-json\/wp\/v2\/types\/post"}],"author":[{"embeddable":true,"href":"https:\/\/cpberiain.educacion.navarra.es\/web1\/wp-json\/wp\/v2\/users\/13"}],"replies":[{"embeddable":true,"href":"https:\/\/cpberiain.educacion.navarra.es\/web1\/wp-json\/wp\/v2\/comments?post=4769"}],"version-history":[{"count":1,"href":"https:\/\/cpberiain.educacion.navarra.es\/web1\/wp-json\/wp\/v2\/posts\/4769\/revisions"}],"predecessor-version":[{"id":4771,"href":"https:\/\/cpberiain.educacion.navarra.es\/web1\/wp-json\/wp\/v2\/posts\/4769\/revisions\/4771"}],"wp:attachment":[{"href":"https:\/\/cpberiain.educacion.navarra.es\/web1\/wp-json\/wp\/v2\/media?parent=4769"}],"wp:term":[{"taxonomy":"category","embeddable":true,"href":"https:\/\/cpberiain.educacion.navarra.es\/web1\/wp-json\/wp\/v2\/categories?post=4769"},{"taxonomy":"post_tag","embeddable":true,"href":"https:\/\/cpberiain.educacion.navarra.es\/web1\/wp-json\/wp\/v2\/tags?post=4769"}],"curies":[{"name":"wp","href":"https:\/\/api.w.org\/{rel}","templated":true}]}}