{"id":4885,"date":"2022-11-28T13:18:36","date_gmt":"2022-11-28T12:18:36","guid":{"rendered":"https:\/\/cpberiain.educacion.navarra.es\/web1\/?p=4885"},"modified":"2022-11-28T13:18:38","modified_gmt":"2022-11-28T12:18:38","slug":"dia-internacional-de-la-eliminacion-de-la-violencia-contra-la-mujer","status":"publish","type":"post","link":"https:\/\/cpberiain.educacion.navarra.es\/web1\/dia-internacional-de-la-eliminacion-de-la-violencia-contra-la-mujer\/","title":{"rendered":"D\u00eda Internacional de la Eliminaci\u00f3n de la Violencia contra la mujer"},"content":{"rendered":"\n<p>El pasado d\u00eda 25, con motivo del D\u00eda Internacional de la Eliminaci\u00f3n de la Violencia contra la mujer, el Ayuntamiento, Servicios Sociales y colegio organizamos un sencillo acto en el patio del colegio, una vez acabadas las clases.<\/p>\n\n\n\n<p>En \u00e9l participaron familias, alumnado, representantes municipales y del colegio.<\/p>\n\n\n\n<figure class=\"wp-block-image size-large\"><img data-attachment-id=\"4888\" data-permalink=\"https:\/\/cpberiain.educacion.navarra.es\/web1\/dia-internacional-de-la-eliminacion-de-la-violencia-contra-la-mujer\/img_20221125_141536\/\" data-orig-file=\"https:\/\/i0.wp.com\/cpberiain.educacion.navarra.es\/web1\/wp-content\/uploads\/2022\/11\/IMG_20221125_141536-scaled.jpg?fit=2560%2C517&amp;ssl=1\" data-orig-size=\"2560,517\" data-comments-opened=\"1\" data-image-meta=\"{&quot;aperture&quot;:&quot;1.8&quot;,&quot;credit&quot;:&quot;&quot;,&quot;camera&quot;:&quot;EML-L29&quot;,&quot;caption&quot;:&quot;&quot;,&quot;created_timestamp&quot;:&quot;1669385737&quot;,&quot;copyright&quot;:&quot;&quot;,&quot;focal_length&quot;:&quot;3.95&quot;,&quot;iso&quot;:&quot;64&quot;,&quot;shutter_speed&quot;:&quot;0.01&quot;,&quot;title&quot;:&quot;&quot;,&quot;orientation&quot;:&quot;1&quot;}\" data-image-title=\"IMG_20221125_141536\" data-image-description=\"\" data-image-caption=\"\" data-medium-file=\"https:\/\/i0.wp.com\/cpberiain.educacion.navarra.es\/web1\/wp-content\/uploads\/2022\/11\/IMG_20221125_141536-scaled.jpg?fit=300%2C61&amp;ssl=1\" data-large-file=\"https:\/\/i0.wp.com\/cpberiain.educacion.navarra.es\/web1\/wp-content\/uploads\/2022\/11\/IMG_20221125_141536-scaled.jpg?fit=1024%2C207&amp;ssl=1\" loading=\"lazy\" width=\"1024\" height=\"207\" src=\"https:\/\/i0.wp.com\/cpberiain.educacion.navarra.es\/web1\/wp-content\/uploads\/2022\/11\/IMG_20221125_141536.jpg?resize=1024%2C207&#038;ssl=1\" alt=\"\" class=\"wp-image-4888\" srcset=\"https:\/\/i0.wp.com\/cpberiain.educacion.navarra.es\/web1\/wp-content\/uploads\/2022\/11\/IMG_20221125_141536-scaled.jpg?resize=1024%2C207&amp;ssl=1 1024w, https:\/\/i0.wp.com\/cpberiain.educacion.navarra.es\/web1\/wp-content\/uploads\/2022\/11\/IMG_20221125_141536-scaled.jpg?resize=300%2C61&amp;ssl=1 300w, https:\/\/i0.wp.com\/cpberiain.educacion.navarra.es\/web1\/wp-content\/uploads\/2022\/11\/IMG_20221125_141536-scaled.jpg?resize=768%2C155&amp;ssl=1 768w, https:\/\/i0.wp.com\/cpberiain.educacion.navarra.es\/web1\/wp-content\/uploads\/2022\/11\/IMG_20221125_141536-scaled.jpg?resize=1536%2C310&amp;ssl=1 1536w, https:\/\/i0.wp.com\/cpberiain.educacion.navarra.es\/web1\/wp-content\/uploads\/2022\/11\/IMG_20221125_141536-scaled.jpg?resize=2048%2C414&amp;ssl=1 2048w\" sizes=\"(max-width: 1000px) 100vw, 1000px\" data-recalc-dims=\"1\" \/><\/figure>\n\n\n\n<p>Se ley\u00f3 el manifiesto institucional y hubo m\u00fasica y un sentido minuto de silencio.<\/p>\n\n\n\n<p>Tambi\u00e9n ni\u00f1os y ni\u00f1as de 5\u00ba de primaria nos contaron las cosas que les preocupan: \u201cTodos y todas tenemos los mismo derechos y libertades, por eso no se debiera ejercer violencia ni da\u00f1o a las mujeres\u201d.<\/p>\n\n\n\n<p>Y nos recordaron que \u201cmuchas veces, quienes m\u00e1s sufren esta violencia somos nosotros, los ni\u00f1os y las ni\u00f1as\u201d.<\/p>\n\n\n\n<p>\u201cNo debemos permitir estas cosas\u201d, conclu\u00edan.<\/p>\n\n\n\n<figure class=\"wp-block-image size-large\"><img data-attachment-id=\"4889\" data-permalink=\"https:\/\/cpberiain.educacion.navarra.es\/web1\/dia-internacional-de-la-eliminacion-de-la-violencia-contra-la-mujer\/violencia-2\/\" data-orig-file=\"https:\/\/i0.wp.com\/cpberiain.educacion.navarra.es\/web1\/wp-content\/uploads\/2022\/11\/violencia-2-scaled.jpg?fit=2560%2C573&amp;ssl=1\" data-orig-size=\"2560,573\" data-comments-opened=\"1\" data-image-meta=\"{&quot;aperture&quot;:&quot;1.8&quot;,&quot;credit&quot;:&quot;&quot;,&quot;camera&quot;:&quot;EML-L29&quot;,&quot;caption&quot;:&quot;&quot;,&quot;created_timestamp&quot;:&quot;1669385720&quot;,&quot;copyright&quot;:&quot;&quot;,&quot;focal_length&quot;:&quot;3.95&quot;,&quot;iso&quot;:&quot;50&quot;,&quot;shutter_speed&quot;:&quot;0.002225&quot;,&quot;title&quot;:&quot;&quot;,&quot;orientation&quot;:&quot;1&quot;}\" data-image-title=\"violencia-2\" data-image-description=\"\" data-image-caption=\"\" data-medium-file=\"https:\/\/i0.wp.com\/cpberiain.educacion.navarra.es\/web1\/wp-content\/uploads\/2022\/11\/violencia-2-scaled.jpg?fit=300%2C67&amp;ssl=1\" data-large-file=\"https:\/\/i0.wp.com\/cpberiain.educacion.navarra.es\/web1\/wp-content\/uploads\/2022\/11\/violencia-2-scaled.jpg?fit=1024%2C229&amp;ssl=1\" loading=\"lazy\" width=\"1024\" height=\"229\" src=\"https:\/\/i0.wp.com\/cpberiain.educacion.navarra.es\/web1\/wp-content\/uploads\/2022\/11\/violencia-2.jpg?resize=1024%2C229&#038;ssl=1\" alt=\"\" class=\"wp-image-4889\" srcset=\"https:\/\/i0.wp.com\/cpberiain.educacion.navarra.es\/web1\/wp-content\/uploads\/2022\/11\/violencia-2-scaled.jpg?resize=1024%2C229&amp;ssl=1 1024w, https:\/\/i0.wp.com\/cpberiain.educacion.navarra.es\/web1\/wp-content\/uploads\/2022\/11\/violencia-2-scaled.jpg?resize=300%2C67&amp;ssl=1 300w, https:\/\/i0.wp.com\/cpberiain.educacion.navarra.es\/web1\/wp-content\/uploads\/2022\/11\/violencia-2-scaled.jpg?resize=768%2C172&amp;ssl=1 768w, https:\/\/i0.wp.com\/cpberiain.educacion.navarra.es\/web1\/wp-content\/uploads\/2022\/11\/violencia-2-scaled.jpg?resize=1536%2C344&amp;ssl=1 1536w, https:\/\/i0.wp.com\/cpberiain.educacion.navarra.es\/web1\/wp-content\/uploads\/2022\/11\/violencia-2-scaled.jpg?resize=2048%2C459&amp;ssl=1 2048w\" sizes=\"(max-width: 1000px) 100vw, 1000px\" data-recalc-dims=\"1\" \/><\/figure>\n","protected":false},"excerpt":{"rendered":"<p>El pasado d\u00eda 25, con motivo del D\u00eda Internacional de la Eliminaci\u00f3n de la Violencia contra la mujer, el Ayuntamiento, Servicios Sociales y colegio organizamos un sencillo acto en el patio del colegio, una vez acabadas las clases. En \u00e9l participaron familias, alumnado, representantes municipales y del colegio. Se ley\u00f3 el manifiesto institucional y hubo [&hellip;]<\/p>\n","protected":false},"author":1,"featured_media":4886,"comment_status":"open","ping_status":"open","sticky":false,"template":"","format":"standard","meta":{"_genesis_hide_title":false,"_genesis_hide_breadcrumbs":false,"_genesis_hide_singular_image":false,"_genesis_hide_footer_widgets":false,"_genesis_custom_body_class":"","_genesis_custom_post_class":"","_genesis_layout":"","jetpack_post_was_ever_published":false,"jetpack_publicize_message":"","jetpack_is_tweetstorm":false,"jetpack_publicize_feature_enabled":true},"categories":[68],"tags":[],"jetpack_publicize_connections":[],"jetpack_featured_media_url":"https:\/\/i0.wp.com\/cpberiain.educacion.navarra.es\/web1\/wp-content\/uploads\/2022\/11\/WhatsApp-Image-2022-11-25-at-14.17.47.jpeg?fit=1600%2C1200&ssl=1","jetpack_sharing_enabled":true,"_links":{"self":[{"href":"https:\/\/cpberiain.educacion.navarra.es\/web1\/wp-json\/wp\/v2\/posts\/4885"}],"collection":[{"href":"https:\/\/cpberiain.educacion.navarra.es\/web1\/wp-json\/wp\/v2\/posts"}],"about":[{"href":"https:\/\/cpberiain.educacion.navarra.es\/web1\/wp-json\/wp\/v2\/types\/post"}],"author":[{"embeddable":true,"href":"https:\/\/cpberiain.educacion.navarra.es\/web1\/wp-json\/wp\/v2\/users\/1"}],"replies":[{"embeddable":true,"href":"https:\/\/cpberiain.educacion.navarra.es\/web1\/wp-json\/wp\/v2\/comments?post=4885"}],"version-history":[{"count":1,"href":"https:\/\/cpberiain.educacion.navarra.es\/web1\/wp-json\/wp\/v2\/posts\/4885\/revisions"}],"predecessor-version":[{"id":4890,"href":"https:\/\/cpberiain.educacion.navarra.es\/web1\/wp-json\/wp\/v2\/posts\/4885\/revisions\/4890"}],"wp:featuredmedia":[{"embeddable":true,"href":"https:\/\/cpberiain.educacion.navarra.es\/web1\/wp-json\/wp\/v2\/media\/4886"}],"wp:attachment":[{"href":"https:\/\/cpberiain.educacion.navarra.es\/web1\/wp-json\/wp\/v2\/media?parent=4885"}],"wp:term":[{"taxonomy":"category","embeddable":true,"href":"https:\/\/cpberiain.educacion.navarra.es\/web1\/wp-json\/wp\/v2\/categories?post=4885"},{"taxonomy":"post_tag","embeddable":true,"href":"https:\/\/cpberiain.educacion.navarra.es\/web1\/wp-json\/wp\/v2\/tags?post=4885"}],"curies":[{"name":"wp","href":"https:\/\/api.w.org\/{rel}","templated":true}]}}