{"id":4892,"date":"2023-01-05T00:42:19","date_gmt":"2023-01-04T23:42:19","guid":{"rendered":"https:\/\/cpberiain.educacion.navarra.es\/web1\/?p=4892"},"modified":"2023-01-05T00:44:29","modified_gmt":"2023-01-04T23:44:29","slug":"publicados-lo-videos-del-festival-de-navidad","status":"publish","type":"post","link":"https:\/\/cpberiain.educacion.navarra.es\/web1\/publicados-lo-videos-del-festival-de-navidad\/","title":{"rendered":"Publicados los v\u00eddeos del Festival de Navidad"},"content":{"rendered":"\n<p>Ya est\u00e1n publicados en el canal Youtube del colegio los videos del festival de Navidad.<\/p>\n\n\n\n<p>Hay videos de todos los cursos, desde infantil a 6\u00ba de primaria. Tambi\u00e9n hay un n\u00famero precioso preparado por un grupo de familias y que os aconsejamos ver.<\/p>\n\n\n\n<p>Esperamos que sep\u00e1is disculpar los fallos de grabaci\u00f3n y disfrut\u00e9is el contenido.<\/p>\n\n\n\n<p>El enlace a lista de reproducci\u00f3n es el siguiente:<\/p>\n\n\n\n<figure class=\"wp-block-embed is-type-video is-provider-youtube wp-block-embed-youtube wp-embed-aspect-16-9 wp-has-aspect-ratio\"><div class=\"wp-block-embed__wrapper\">\n<iframe loading=\"lazy\" title=\"Navidad 2021\" width=\"500\" height=\"281\" src=\"https:\/\/www.youtube.com\/embed\/videoseries?list=PL6-VUDfXMpnBchaXQ0X7W__jSs3-ee6Y3\" frameborder=\"0\" allow=\"accelerometer; autoplay; clipboard-write; encrypted-media; gyroscope; picture-in-picture; web-share\" allowfullscreen><\/iframe>\n<\/div><\/figure>\n","protected":false},"excerpt":{"rendered":"<p>Ya est\u00e1n publicados en el canal Youtube del colegio los videos del festival de Navidad. Hay videos de todos los cursos, desde infantil a 6\u00ba de primaria. Tambi\u00e9n hay un n\u00famero precioso preparado por un grupo de familias y que os aconsejamos ver. Esperamos que sep\u00e1is disculpar los fallos de grabaci\u00f3n y disfrut\u00e9is el contenido. [&hellip;]<\/p>\n","protected":false},"author":1,"featured_media":4893,"comment_status":"open","ping_status":"open","sticky":false,"template":"","format":"standard","meta":{"_genesis_hide_title":false,"_genesis_hide_breadcrumbs":false,"_genesis_hide_singular_image":false,"_genesis_hide_footer_widgets":false,"_genesis_custom_body_class":"","_genesis_custom_post_class":"","_genesis_layout":"","jetpack_post_was_ever_published":false,"jetpack_publicize_message":"","jetpack_is_tweetstorm":false,"jetpack_publicize_feature_enabled":true},"categories":[68],"tags":[],"jetpack_publicize_connections":[],"jetpack_featured_media_url":"https:\/\/i0.wp.com\/cpberiain.educacion.navarra.es\/web1\/wp-content\/uploads\/2023\/01\/rock-navidad-txiki.jpg?fit=1751%2C677&ssl=1","jetpack_sharing_enabled":true,"_links":{"self":[{"href":"https:\/\/cpberiain.educacion.navarra.es\/web1\/wp-json\/wp\/v2\/posts\/4892"}],"collection":[{"href":"https:\/\/cpberiain.educacion.navarra.es\/web1\/wp-json\/wp\/v2\/posts"}],"about":[{"href":"https:\/\/cpberiain.educacion.navarra.es\/web1\/wp-json\/wp\/v2\/types\/post"}],"author":[{"embeddable":true,"href":"https:\/\/cpberiain.educacion.navarra.es\/web1\/wp-json\/wp\/v2\/users\/1"}],"replies":[{"embeddable":true,"href":"https:\/\/cpberiain.educacion.navarra.es\/web1\/wp-json\/wp\/v2\/comments?post=4892"}],"version-history":[{"count":2,"href":"https:\/\/cpberiain.educacion.navarra.es\/web1\/wp-json\/wp\/v2\/posts\/4892\/revisions"}],"predecessor-version":[{"id":4895,"href":"https:\/\/cpberiain.educacion.navarra.es\/web1\/wp-json\/wp\/v2\/posts\/4892\/revisions\/4895"}],"wp:featuredmedia":[{"embeddable":true,"href":"https:\/\/cpberiain.educacion.navarra.es\/web1\/wp-json\/wp\/v2\/media\/4893"}],"wp:attachment":[{"href":"https:\/\/cpberiain.educacion.navarra.es\/web1\/wp-json\/wp\/v2\/media?parent=4892"}],"wp:term":[{"taxonomy":"category","embeddable":true,"href":"https:\/\/cpberiain.educacion.navarra.es\/web1\/wp-json\/wp\/v2\/categories?post=4892"},{"taxonomy":"post_tag","embeddable":true,"href":"https:\/\/cpberiain.educacion.navarra.es\/web1\/wp-json\/wp\/v2\/tags?post=4892"}],"curies":[{"name":"wp","href":"https:\/\/api.w.org\/{rel}","templated":true}]}}