{"id":4935,"date":"2023-04-27T14:18:37","date_gmt":"2023-04-27T12:18:37","guid":{"rendered":"https:\/\/cpberiain.educacion.navarra.es\/web1\/?p=4935"},"modified":"2023-06-07T14:12:19","modified_gmt":"2023-06-07T12:12:19","slug":"4935-2","status":"publish","type":"post","link":"https:\/\/cpberiain.educacion.navarra.es\/web1\/4935-2\/","title":{"rendered":"Viviendo con los Romanos"},"content":{"rendered":"\n<p>El alumnado de 5\u00ba estuvo el trimestre pasado estudiando la vida en el pasado, desde la Prehistoria hasta la Edad Antigua: c\u00f3mo viv\u00edan, c\u00f3mo se relacionaban, qu\u00e9 com\u00edan, c\u00f3mo era la Hispania de la \u00c9poca Romana y muchas otras cosas.&nbsp;<\/p>\n\n\n\n<p>Esta bien verlo y estudiarlo en fotos y en el libro, pero es m\u00e1s intenso sentir de cerca lo que nos dejaron, sus construcciones, estatuas y monumentos. Para esto visitamos el museo de Navarra, el yacimiento de Las Eretas y el Cerco de Artajona (preparando el siguiente tema: La Edad Media).&nbsp;<\/p>\n\n\n\n<p>Aqu\u00ed os mostramos fotos de las dos excursiones. Esperamos que os gusten.<\/p>\n\n\n\n<p><a href=\"https:\/\/photos.app.goo.gl\/gd8WNuatkJUZkDj2A\" target=\"_blank\" rel=\"noreferrer noopener\">https:\/\/photos.app.goo.gl\/gd8WNuatkJUZkDj2A<\/a><\/p>\n","protected":false},"excerpt":{"rendered":"<p>El alumnado de 5\u00ba estuvo el trimestre pasado estudiando la vida en el pasado, desde la Prehistoria hasta la Edad Antigua: c\u00f3mo viv\u00edan, c\u00f3mo se relacionaban, qu\u00e9 com\u00edan, c\u00f3mo era la Hispania de la \u00c9poca Romana y muchas otras cosas.&nbsp; Esta bien verlo y estudiarlo en fotos y en el libro, pero es m\u00e1s intenso [&hellip;]<\/p>\n","protected":false},"author":1,"featured_media":4936,"comment_status":"open","ping_status":"open","sticky":false,"template":"","format":"standard","meta":{"_genesis_hide_title":false,"_genesis_hide_breadcrumbs":false,"_genesis_hide_singular_image":false,"_genesis_hide_footer_widgets":false,"_genesis_custom_body_class":"","_genesis_custom_post_class":"","_genesis_layout":"","jetpack_post_was_ever_published":false,"jetpack_publicize_message":"","jetpack_is_tweetstorm":false,"jetpack_publicize_feature_enabled":true},"categories":[1],"tags":[],"jetpack_publicize_connections":[],"jetpack_featured_media_url":"https:\/\/i0.wp.com\/cpberiain.educacion.navarra.es\/web1\/wp-content\/uploads\/2023\/04\/IMG20230404120034.jpg?fit=838%2C665&ssl=1","jetpack_sharing_enabled":true,"_links":{"self":[{"href":"https:\/\/cpberiain.educacion.navarra.es\/web1\/wp-json\/wp\/v2\/posts\/4935"}],"collection":[{"href":"https:\/\/cpberiain.educacion.navarra.es\/web1\/wp-json\/wp\/v2\/posts"}],"about":[{"href":"https:\/\/cpberiain.educacion.navarra.es\/web1\/wp-json\/wp\/v2\/types\/post"}],"author":[{"embeddable":true,"href":"https:\/\/cpberiain.educacion.navarra.es\/web1\/wp-json\/wp\/v2\/users\/1"}],"replies":[{"embeddable":true,"href":"https:\/\/cpberiain.educacion.navarra.es\/web1\/wp-json\/wp\/v2\/comments?post=4935"}],"version-history":[{"count":2,"href":"https:\/\/cpberiain.educacion.navarra.es\/web1\/wp-json\/wp\/v2\/posts\/4935\/revisions"}],"predecessor-version":[{"id":4944,"href":"https:\/\/cpberiain.educacion.navarra.es\/web1\/wp-json\/wp\/v2\/posts\/4935\/revisions\/4944"}],"wp:featuredmedia":[{"embeddable":true,"href":"https:\/\/cpberiain.educacion.navarra.es\/web1\/wp-json\/wp\/v2\/media\/4936"}],"wp:attachment":[{"href":"https:\/\/cpberiain.educacion.navarra.es\/web1\/wp-json\/wp\/v2\/media?parent=4935"}],"wp:term":[{"taxonomy":"category","embeddable":true,"href":"https:\/\/cpberiain.educacion.navarra.es\/web1\/wp-json\/wp\/v2\/categories?post=4935"},{"taxonomy":"post_tag","embeddable":true,"href":"https:\/\/cpberiain.educacion.navarra.es\/web1\/wp-json\/wp\/v2\/tags?post=4935"}],"curies":[{"name":"wp","href":"https:\/\/api.w.org\/{rel}","templated":true}]}}