{"id":4986,"date":"2023-09-29T19:53:30","date_gmt":"2023-09-29T17:53:30","guid":{"rendered":"https:\/\/cpberiain.educacion.navarra.es\/web1\/?p=4986"},"modified":"2023-09-29T19:53:32","modified_gmt":"2023-09-29T17:53:32","slug":"3o-ep-visita-salinas","status":"publish","type":"post","link":"https:\/\/cpberiain.educacion.navarra.es\/web1\/3o-ep-visita-salinas\/","title":{"rendered":"3\u00ba EP visita Salinas"},"content":{"rendered":"\n<p>Nuestro alumnado de 3\u00ba realiz\u00f3 el viernes 29 de septiembre una salida a la localidad de Salinas. Nos desplazamos hasta all\u00e1 dando un agradable paseo. <\/p>\n\n\n\n<p>Al llegar, fuimos a la plaza del pueblo donde el alumnado realiz\u00f3 unos preciosos dibujos. Tras almorzar en un parque, los ni\u00f1os y ni\u00f1as disfrutaron participando en una serie de actividades cuyo objetivo principal era el fomento de la cohesi\u00f3n de grupo. <\/p>\n\n\n\n<p>A pesar de que durante el viaje de vuelta el calor nos acompa\u00f1\u00f3&#8230; \u00a1fue un d\u00eda inolvidable!<\/p>\n\n\n\n<p><a href=\"https:\/\/photos.app.goo.gl\/JRUmYXDjLytk9bWP6\" target=\"_blank\" rel=\"noreferrer noopener\"> https:\/\/photos.app.goo.gl\/JRUmYXDjLytk9bWP6 <\/a><\/p>\n\n\n\n<div class=\"wp-block-image\"><figure class=\"aligncenter size-large is-resized\"><img data-attachment-id=\"4987\" data-permalink=\"https:\/\/cpberiain.educacion.navarra.es\/web1\/3o-ep-visita-salinas\/jj\/\" data-orig-file=\"https:\/\/i0.wp.com\/cpberiain.educacion.navarra.es\/web1\/wp-content\/uploads\/2023\/09\/jj.jpg?fit=1944%2C1800&amp;ssl=1\" data-orig-size=\"1944,1800\" data-comments-opened=\"1\" data-image-meta=\"{&quot;aperture&quot;:&quot;1.8&quot;,&quot;credit&quot;:&quot;&quot;,&quot;camera&quot;:&quot;realme 8 5G&quot;,&quot;caption&quot;:&quot;&quot;,&quot;created_timestamp&quot;:&quot;1695990222&quot;,&quot;copyright&quot;:&quot;&quot;,&quot;focal_length&quot;:&quot;4.694&quot;,&quot;iso&quot;:&quot;105&quot;,&quot;shutter_speed&quot;:&quot;0.000876&quot;,&quot;title&quot;:&quot;&quot;,&quot;orientation&quot;:&quot;0&quot;}\" data-image-title=\"jj\" data-image-description=\"\" data-image-caption=\"\" data-medium-file=\"https:\/\/i0.wp.com\/cpberiain.educacion.navarra.es\/web1\/wp-content\/uploads\/2023\/09\/jj.jpg?fit=300%2C278&amp;ssl=1\" data-large-file=\"https:\/\/i0.wp.com\/cpberiain.educacion.navarra.es\/web1\/wp-content\/uploads\/2023\/09\/jj.jpg?fit=1024%2C948&amp;ssl=1\" loading=\"lazy\" src=\"https:\/\/i0.wp.com\/cpberiain.educacion.navarra.es\/web1\/wp-content\/uploads\/2023\/09\/jj.jpg?resize=625%2C578&#038;ssl=1\" alt=\"\" class=\"wp-image-4987\" width=\"625\" height=\"578\" srcset=\"https:\/\/i0.wp.com\/cpberiain.educacion.navarra.es\/web1\/wp-content\/uploads\/2023\/09\/jj.jpg?resize=1024%2C948&amp;ssl=1 1024w, https:\/\/i0.wp.com\/cpberiain.educacion.navarra.es\/web1\/wp-content\/uploads\/2023\/09\/jj.jpg?resize=300%2C278&amp;ssl=1 300w, https:\/\/i0.wp.com\/cpberiain.educacion.navarra.es\/web1\/wp-content\/uploads\/2023\/09\/jj.jpg?resize=768%2C711&amp;ssl=1 768w, https:\/\/i0.wp.com\/cpberiain.educacion.navarra.es\/web1\/wp-content\/uploads\/2023\/09\/jj.jpg?resize=1536%2C1422&amp;ssl=1 1536w, https:\/\/i0.wp.com\/cpberiain.educacion.navarra.es\/web1\/wp-content\/uploads\/2023\/09\/jj.jpg?w=1944&amp;ssl=1 1944w\" sizes=\"(max-width: 625px) 100vw, 625px\" data-recalc-dims=\"1\" \/><\/figure><\/div>\n","protected":false},"excerpt":{"rendered":"<p>Nuestro alumnado de 3\u00ba realiz\u00f3 el viernes 29 de septiembre una salida a la localidad de Salinas. Nos desplazamos hasta all\u00e1 dando un agradable paseo. Al llegar, fuimos a la plaza del pueblo donde el alumnado realiz\u00f3 unos preciosos dibujos. Tras almorzar en un parque, los ni\u00f1os y ni\u00f1as disfrutaron participando en una serie de [&hellip;]<\/p>\n","protected":false},"author":13,"featured_media":0,"comment_status":"open","ping_status":"open","sticky":false,"template":"","format":"standard","meta":{"_genesis_hide_title":false,"_genesis_hide_breadcrumbs":false,"_genesis_hide_singular_image":false,"_genesis_hide_footer_widgets":false,"_genesis_custom_body_class":"","_genesis_custom_post_class":"","_genesis_layout":"","jetpack_post_was_ever_published":false,"jetpack_publicize_message":"","jetpack_is_tweetstorm":false,"jetpack_publicize_feature_enabled":true},"categories":[69,1],"tags":[],"jetpack_publicize_connections":[],"jetpack_featured_media_url":"","jetpack_sharing_enabled":true,"_links":{"self":[{"href":"https:\/\/cpberiain.educacion.navarra.es\/web1\/wp-json\/wp\/v2\/posts\/4986"}],"collection":[{"href":"https:\/\/cpberiain.educacion.navarra.es\/web1\/wp-json\/wp\/v2\/posts"}],"about":[{"href":"https:\/\/cpberiain.educacion.navarra.es\/web1\/wp-json\/wp\/v2\/types\/post"}],"author":[{"embeddable":true,"href":"https:\/\/cpberiain.educacion.navarra.es\/web1\/wp-json\/wp\/v2\/users\/13"}],"replies":[{"embeddable":true,"href":"https:\/\/cpberiain.educacion.navarra.es\/web1\/wp-json\/wp\/v2\/comments?post=4986"}],"version-history":[{"count":1,"href":"https:\/\/cpberiain.educacion.navarra.es\/web1\/wp-json\/wp\/v2\/posts\/4986\/revisions"}],"predecessor-version":[{"id":4988,"href":"https:\/\/cpberiain.educacion.navarra.es\/web1\/wp-json\/wp\/v2\/posts\/4986\/revisions\/4988"}],"wp:attachment":[{"href":"https:\/\/cpberiain.educacion.navarra.es\/web1\/wp-json\/wp\/v2\/media?parent=4986"}],"wp:term":[{"taxonomy":"category","embeddable":true,"href":"https:\/\/cpberiain.educacion.navarra.es\/web1\/wp-json\/wp\/v2\/categories?post=4986"},{"taxonomy":"post_tag","embeddable":true,"href":"https:\/\/cpberiain.educacion.navarra.es\/web1\/wp-json\/wp\/v2\/tags?post=4986"}],"curies":[{"name":"wp","href":"https:\/\/api.w.org\/{rel}","templated":true}]}}