{"id":5039,"date":"2023-10-06T22:53:44","date_gmt":"2023-10-06T20:53:44","guid":{"rendered":"https:\/\/cpberiain.educacion.navarra.es\/web1\/?p=5039"},"modified":"2023-10-06T22:53:47","modified_gmt":"2023-10-06T20:53:47","slug":"4o-ep-salida-a-la-biblioteca-de-pamplona","status":"publish","type":"post","link":"https:\/\/cpberiain.educacion.navarra.es\/web1\/4o-ep-salida-a-la-biblioteca-de-pamplona\/","title":{"rendered":"4\u00ba EP. Salida a la Biblioteca de Pamplona"},"content":{"rendered":"\n<p>El alumnado de 4\u00ba EP ha realizado una salida para conocer la propuesta literaria de la biblioteca de Pamplona. Han disfrutado de una variedad de libros: cuentos, libros de enigmas, libros para aprender&#8230; Adem\u00e1s, han completado la visita realizando un paseo por la Taconera.<\/p>\n\n\n\n<!--more-->\n\n\n\n<p>Para ver nuestras fotos pincha aqu\u00ed: \u00c1lbum Salida cohesi\u00f3n 4\u00ba<a rel=\"noreferrer noopener\" href=\"https:\/\/photos.app.goo.gl\/4t4Ny4Tq5gdAjZGR6\" target=\"_blank\"> https:\/\/photos.app.goo.gl\/4t4Ny4Tq5gdAjZGR6<\/a><\/p>\n\n\n\n<figure class=\"wp-block-image size-large\"><img data-attachment-id=\"5040\" data-permalink=\"https:\/\/cpberiain.educacion.navarra.es\/web1\/4o-ep-salida-a-la-biblioteca-de-pamplona\/img-7987\/\" data-orig-file=\"https:\/\/i0.wp.com\/cpberiain.educacion.navarra.es\/web1\/wp-content\/uploads\/2023\/10\/IMG-7987-scaled.jpg?fit=2560%2C1920&amp;ssl=1\" data-orig-size=\"2560,1920\" data-comments-opened=\"1\" data-image-meta=\"{&quot;aperture&quot;:&quot;1.8&quot;,&quot;credit&quot;:&quot;&quot;,&quot;camera&quot;:&quot;iPhone SE (2nd generation)&quot;,&quot;caption&quot;:&quot;&quot;,&quot;created_timestamp&quot;:&quot;1695120037&quot;,&quot;copyright&quot;:&quot;&quot;,&quot;focal_length&quot;:&quot;3.99&quot;,&quot;iso&quot;:&quot;100&quot;,&quot;shutter_speed&quot;:&quot;0.02&quot;,&quot;title&quot;:&quot;&quot;,&quot;orientation&quot;:&quot;1&quot;}\" data-image-title=\"IMG-7987\" data-image-description=\"\" data-image-caption=\"\" data-medium-file=\"https:\/\/i0.wp.com\/cpberiain.educacion.navarra.es\/web1\/wp-content\/uploads\/2023\/10\/IMG-7987-scaled.jpg?fit=300%2C225&amp;ssl=1\" data-large-file=\"https:\/\/i0.wp.com\/cpberiain.educacion.navarra.es\/web1\/wp-content\/uploads\/2023\/10\/IMG-7987-scaled.jpg?fit=1024%2C768&amp;ssl=1\" loading=\"lazy\" width=\"1024\" height=\"768\" src=\"https:\/\/i0.wp.com\/cpberiain.educacion.navarra.es\/web1\/wp-content\/uploads\/2023\/10\/IMG-7987.jpg?resize=1024%2C768&#038;ssl=1\" alt=\"\" class=\"wp-image-5040\" srcset=\"https:\/\/i0.wp.com\/cpberiain.educacion.navarra.es\/web1\/wp-content\/uploads\/2023\/10\/IMG-7987-scaled.jpg?resize=1024%2C768&amp;ssl=1 1024w, https:\/\/i0.wp.com\/cpberiain.educacion.navarra.es\/web1\/wp-content\/uploads\/2023\/10\/IMG-7987-scaled.jpg?resize=300%2C225&amp;ssl=1 300w, https:\/\/i0.wp.com\/cpberiain.educacion.navarra.es\/web1\/wp-content\/uploads\/2023\/10\/IMG-7987-scaled.jpg?resize=768%2C576&amp;ssl=1 768w, https:\/\/i0.wp.com\/cpberiain.educacion.navarra.es\/web1\/wp-content\/uploads\/2023\/10\/IMG-7987-scaled.jpg?resize=1536%2C1152&amp;ssl=1 1536w, https:\/\/i0.wp.com\/cpberiain.educacion.navarra.es\/web1\/wp-content\/uploads\/2023\/10\/IMG-7987-scaled.jpg?resize=2048%2C1536&amp;ssl=1 2048w\" sizes=\"(max-width: 1000px) 100vw, 1000px\" data-recalc-dims=\"1\" \/><\/figure>\n","protected":false},"excerpt":{"rendered":"<p>El alumnado de 4\u00ba EP ha realizado una salida para conocer la propuesta literaria de la biblioteca de Pamplona. Han disfrutado de una variedad de libros: cuentos, libros de enigmas, libros para aprender&#8230; Adem\u00e1s, han completado la visita realizando un paseo por la Taconera.<\/p>\n","protected":false},"author":13,"featured_media":0,"comment_status":"open","ping_status":"open","sticky":false,"template":"","format":"standard","meta":{"_genesis_hide_title":false,"_genesis_hide_breadcrumbs":false,"_genesis_hide_singular_image":false,"_genesis_hide_footer_widgets":false,"_genesis_custom_body_class":"","_genesis_custom_post_class":"","_genesis_layout":"","jetpack_post_was_ever_published":false,"jetpack_publicize_message":"","jetpack_is_tweetstorm":false,"jetpack_publicize_feature_enabled":true},"categories":[69,1],"tags":[],"jetpack_publicize_connections":[],"jetpack_featured_media_url":"","jetpack_sharing_enabled":true,"_links":{"self":[{"href":"https:\/\/cpberiain.educacion.navarra.es\/web1\/wp-json\/wp\/v2\/posts\/5039"}],"collection":[{"href":"https:\/\/cpberiain.educacion.navarra.es\/web1\/wp-json\/wp\/v2\/posts"}],"about":[{"href":"https:\/\/cpberiain.educacion.navarra.es\/web1\/wp-json\/wp\/v2\/types\/post"}],"author":[{"embeddable":true,"href":"https:\/\/cpberiain.educacion.navarra.es\/web1\/wp-json\/wp\/v2\/users\/13"}],"replies":[{"embeddable":true,"href":"https:\/\/cpberiain.educacion.navarra.es\/web1\/wp-json\/wp\/v2\/comments?post=5039"}],"version-history":[{"count":1,"href":"https:\/\/cpberiain.educacion.navarra.es\/web1\/wp-json\/wp\/v2\/posts\/5039\/revisions"}],"predecessor-version":[{"id":5041,"href":"https:\/\/cpberiain.educacion.navarra.es\/web1\/wp-json\/wp\/v2\/posts\/5039\/revisions\/5041"}],"wp:attachment":[{"href":"https:\/\/cpberiain.educacion.navarra.es\/web1\/wp-json\/wp\/v2\/media?parent=5039"}],"wp:term":[{"taxonomy":"category","embeddable":true,"href":"https:\/\/cpberiain.educacion.navarra.es\/web1\/wp-json\/wp\/v2\/categories?post=5039"},{"taxonomy":"post_tag","embeddable":true,"href":"https:\/\/cpberiain.educacion.navarra.es\/web1\/wp-json\/wp\/v2\/tags?post=5039"}],"curies":[{"name":"wp","href":"https:\/\/api.w.org\/{rel}","templated":true}]}}