{"id":5128,"date":"2024-01-11T14:51:43","date_gmt":"2024-01-11T13:51:43","guid":{"rendered":"https:\/\/cpberiain.educacion.navarra.es\/web1\/?p=5128"},"modified":"2024-01-11T14:52:38","modified_gmt":"2024-01-11T13:52:38","slug":"6o-ep-visita-traperos-de-emaus","status":"publish","type":"post","link":"https:\/\/cpberiain.educacion.navarra.es\/web1\/6o-ep-visita-traperos-de-emaus\/","title":{"rendered":"6\u00ba EP visita Traperos de Ema\u00fas"},"content":{"rendered":"\n<p>Sexto curso ha participado en el programa de\u00a0<a rel=\"noreferrer noopener\" href=\"https:\/\/www.mancoeduca.org\/educa.php\/es\/contacto\" target=\"_blank\">Mancoeduca<\/a>\u00a0llamado \u00abUn Tesoro en mi Basura\u00bb y ha visitado las instalaciones de\u00a0<a rel=\"noreferrer noopener\" href=\"https:\/\/www.emausnavarra.org\/que-hacemos.html\" target=\"_blank\">Traperos de Ema\u00fas.<\/a><\/p>\n\n\n\n<p>All\u00ed nos han planteado esta pregunta: \u00bfHas encontrado alguna vez un tesoro escondido en la basura?. Diariamente consumimos miles de productos que acaban en el contenedor, pero lo que para una persona es un residuo para otra puede ser una ilusi\u00f3n, \u00a1Un tesoro!.<\/p>\n\n\n\n<!--more-->\n\n\n\n<p>En la naturaleza todo es circular \u00a1todo se aprovecha! \u00bfPor qu\u00e9 nosotros no seguimos su ejemplo y damos una segunda oportunidad a los residuos? Incluso mejor, \u00bfpor qu\u00e9 no empezamos a cambiar nuestros h\u00e1bitos de consumo y utilizamos s\u00f3lo lo que realmente necesitamos?<\/p>\n\n\n\n<p>En esta visita hemos visitado el Centro de Traperos de Ema\u00fas, hemos visto monta\u00f1as y monta\u00f1as de ropa, miles de bicicletas, electrodom\u00e9sticos y todo aquello que os pod\u00e1is imaginar. Y con la imaginaci\u00f3n al poder hemos pensado que ser\u00edamos capaces de dar una segunda oportunidad a objetos que parec\u00edan inservibles y encontrar tesoros ocultos en nuestra basura.<\/p>\n\n\n\n<p> \u00bfTe animas t\u00fa tambi\u00e9n a fomentar la Econom\u00eda Circular?<\/p>\n\n\n\n<p><a href=\"https:\/\/photos.app.goo.gl\/u8CeVB4m7RQSYhCdA\">https:\/\/photos.app.goo.gl\/u8CeVB4m7RQSYhCdA<\/a><\/p>\n\n\n\n<figure class=\"wp-block-image size-full\"><img data-attachment-id=\"5129\" data-permalink=\"https:\/\/cpberiain.educacion.navarra.es\/web1\/6o-ep-visita-traperos-de-emaus\/img20240110112356\/\" data-orig-file=\"https:\/\/i0.wp.com\/cpberiain.educacion.navarra.es\/web1\/wp-content\/uploads\/2024\/01\/IMG20240110112356.jpg?fit=921%2C691&amp;ssl=1\" data-orig-size=\"921,691\" data-comments-opened=\"1\" data-image-meta=\"{&quot;aperture&quot;:&quot;1.8&quot;,&quot;credit&quot;:&quot;&quot;,&quot;camera&quot;:&quot;realme 6 Pro&quot;,&quot;caption&quot;:&quot;&quot;,&quot;created_timestamp&quot;:&quot;1704885836&quot;,&quot;copyright&quot;:&quot;&quot;,&quot;focal_length&quot;:&quot;5.58&quot;,&quot;iso&quot;:&quot;172&quot;,&quot;shutter_speed&quot;:&quot;0.02&quot;,&quot;title&quot;:&quot;&quot;,&quot;orientation&quot;:&quot;1&quot;}\" data-image-title=\"IMG20240110112356\" data-image-description=\"\" data-image-caption=\"\" data-medium-file=\"https:\/\/i0.wp.com\/cpberiain.educacion.navarra.es\/web1\/wp-content\/uploads\/2024\/01\/IMG20240110112356.jpg?fit=300%2C225&amp;ssl=1\" data-large-file=\"https:\/\/i0.wp.com\/cpberiain.educacion.navarra.es\/web1\/wp-content\/uploads\/2024\/01\/IMG20240110112356.jpg?fit=921%2C691&amp;ssl=1\" loading=\"lazy\" width=\"921\" height=\"691\" src=\"https:\/\/i0.wp.com\/cpberiain.educacion.navarra.es\/web1\/wp-content\/uploads\/2024\/01\/IMG20240110112356.jpg?resize=921%2C691&#038;ssl=1\" alt=\"\" class=\"wp-image-5129\" srcset=\"https:\/\/i0.wp.com\/cpberiain.educacion.navarra.es\/web1\/wp-content\/uploads\/2024\/01\/IMG20240110112356.jpg?w=921&amp;ssl=1 921w, https:\/\/i0.wp.com\/cpberiain.educacion.navarra.es\/web1\/wp-content\/uploads\/2024\/01\/IMG20240110112356.jpg?resize=300%2C225&amp;ssl=1 300w, https:\/\/i0.wp.com\/cpberiain.educacion.navarra.es\/web1\/wp-content\/uploads\/2024\/01\/IMG20240110112356.jpg?resize=768%2C576&amp;ssl=1 768w\" sizes=\"(max-width: 921px) 100vw, 921px\" data-recalc-dims=\"1\" \/><\/figure>\n","protected":false},"excerpt":{"rendered":"<p>Sexto curso ha participado en el programa de\u00a0Mancoeduca\u00a0llamado \u00abUn Tesoro en mi Basura\u00bb y ha visitado las instalaciones de\u00a0Traperos de Ema\u00fas. All\u00ed nos han planteado esta pregunta: \u00bfHas encontrado alguna vez un tesoro escondido en la basura?. Diariamente consumimos miles de productos que acaban en el contenedor, pero lo que para una persona es un [&hellip;]<\/p>\n","protected":false},"author":13,"featured_media":0,"comment_status":"open","ping_status":"open","sticky":false,"template":"","format":"standard","meta":{"_genesis_hide_title":false,"_genesis_hide_breadcrumbs":false,"_genesis_hide_singular_image":false,"_genesis_hide_footer_widgets":false,"_genesis_custom_body_class":"","_genesis_custom_post_class":"","_genesis_layout":"","jetpack_post_was_ever_published":false,"jetpack_publicize_message":"","jetpack_is_tweetstorm":false,"jetpack_publicize_feature_enabled":true},"categories":[69,1],"tags":[],"jetpack_publicize_connections":[],"jetpack_featured_media_url":"","jetpack_sharing_enabled":true,"_links":{"self":[{"href":"https:\/\/cpberiain.educacion.navarra.es\/web1\/wp-json\/wp\/v2\/posts\/5128"}],"collection":[{"href":"https:\/\/cpberiain.educacion.navarra.es\/web1\/wp-json\/wp\/v2\/posts"}],"about":[{"href":"https:\/\/cpberiain.educacion.navarra.es\/web1\/wp-json\/wp\/v2\/types\/post"}],"author":[{"embeddable":true,"href":"https:\/\/cpberiain.educacion.navarra.es\/web1\/wp-json\/wp\/v2\/users\/13"}],"replies":[{"embeddable":true,"href":"https:\/\/cpberiain.educacion.navarra.es\/web1\/wp-json\/wp\/v2\/comments?post=5128"}],"version-history":[{"count":2,"href":"https:\/\/cpberiain.educacion.navarra.es\/web1\/wp-json\/wp\/v2\/posts\/5128\/revisions"}],"predecessor-version":[{"id":5131,"href":"https:\/\/cpberiain.educacion.navarra.es\/web1\/wp-json\/wp\/v2\/posts\/5128\/revisions\/5131"}],"wp:attachment":[{"href":"https:\/\/cpberiain.educacion.navarra.es\/web1\/wp-json\/wp\/v2\/media?parent=5128"}],"wp:term":[{"taxonomy":"category","embeddable":true,"href":"https:\/\/cpberiain.educacion.navarra.es\/web1\/wp-json\/wp\/v2\/categories?post=5128"},{"taxonomy":"post_tag","embeddable":true,"href":"https:\/\/cpberiain.educacion.navarra.es\/web1\/wp-json\/wp\/v2\/tags?post=5128"}],"curies":[{"name":"wp","href":"https:\/\/api.w.org\/{rel}","templated":true}]}}