{"id":5465,"date":"2025-03-13T14:52:00","date_gmt":"2025-03-13T13:52:00","guid":{"rendered":"https:\/\/cpberiain.educacion.navarra.es\/web1\/?p=5465"},"modified":"2025-04-15T10:07:36","modified_gmt":"2025-04-15T08:07:36","slug":"jornada-de-puertas-abiertas-prematiculacion-curso-25-26","status":"publish","type":"post","link":"https:\/\/cpberiain.educacion.navarra.es\/web1\/jornada-de-puertas-abiertas-prematiculacion-curso-25-26\/","title":{"rendered":"Prematiculaci\u00f3n curso 25\/26"},"content":{"rendered":"\n<p class=\"has-text-align-center has-vivid-green-cyan-background-color has-background\">\u00a1\u00a1\u00a1\u00a1Est\u00e1 a punto de comenzar la prematriculaci\u00f3n!!!                                                                       \u00a1\u00a1\u00a1Es momento de tener todo preparado!!!<\/p>\n\n\n\n<p class=\"has-white-color has-text-color\">.<\/p>\n\n\n\n<h3 class=\"has-vivid-red-color has-text-color\"><strong>PLAZO DE PREMATR\u00cdCULA<\/strong><\/h3>\n\n\n\n<p class=\"has-vivid-purple-color has-text-color\">La prematr\u00edcula se realizar\u00e1 este a\u00f1o entre el 17 y el 21 de marzo. <\/p>\n\n\n\n<p>Nuestras oficinas estar\u00e1n abiertas para recibiros de 9:15 a 14:30. <\/p>\n\n\n\n<p>Si ten\u00e9is alguna duda o dificultad con el horario,&#8230;, poneos en contacto con el colegio en el 948 36 83 18..<\/p>\n\n\n\n<p>.<\/p>\n\n\n\n<h3 class=\"has-vivid-red-color has-text-color\">\u00bf<strong>C\u00d3MO HACER LA PREMATRICULACI\u00d3N?<\/strong><\/h3>\n\n\n\n<p> Se puede hacer de dos maneras:<\/p>\n\n\n\n<p class=\"has-black-color has-text-color\"><strong>Solicitud telem\u00e1tica<\/strong><\/p>\n\n\n\n<p>Es un procedimiento sencillo, accesible para quien se siente c\u00f3modo\/a con la tecnolog\u00eda. Es el que aconseja el Departamento.<\/p>\n\n\n\n<ul><li>Ten\u00e9is toda la informaci\u00f3n relativa al proceso en la <a href=\"https:\/\/www.navarra.es\/es\/tramites\/on\/-\/line\/preinscripcion-y-matricula-del-alumnado-de-segundo-ciclo-de-educacion-infantil-y-primaria\">ficha&nbsp;de tr\u00e1mite<\/a>. <\/li><\/ul>\n\n\n\n<ul><li>El formulario de inscripci\u00f3n es el siguiente: <a rel=\"noreferrer noopener\" href=\"https:\/\/www.navarra.es\/documents\/48192\/33204557\/solicitud_adm_infyprim25-26plz_ordinario.pdf\/8501e1be-a0bb-8df3-5a50-844a0d3e7a51?t=1741862566931\" target=\"_blank\">Solicitud de inscripci\u00f3n<\/a><\/li><\/ul>\n\n\n\n<ul><li>Se hace a trav\u00e9s del Portal de Educa,&nbsp;al que se accede por medio de:<ul><li>Una&nbsp;cuenta de usuario&nbsp;de EDUCA.<\/li><li>Cualquiera de los&nbsp;<a href=\"https:\/\/www.navarra.es\/es\/tramites\/ayuda-para-tramitar-por-internet\">sistemas oficiales de identificaci\u00f3n<\/a>, como Clave,&nbsp;DNI digital, certificado electr\u00f3nico o firma digital.<\/li><li>Aqu\u00ed te dejamos un tutorial para hacerlo bien: <a href=\"https:\/\/docs.google.com\/document\/d\/e\/2PACX-1vTfpHEv5dN65tC_NLUUjG43h0W_mfQS6NohmBjEnIaRfFM5vp3KB8PNfrBvX-emAVfjCY5eKcM0PW1O\/pub\">instrucciones<\/a>.&nbsp;<\/li><\/ul><\/li><\/ul>\n\n\n\n<p class=\"has-white-color has-text-color\">.<\/p>\n\n\n\n<h4>Solicitud presencial<\/h4>\n\n\n\n<p>La tramitaci\u00f3n de las&nbsp;solicitudes&nbsp;podr\u00e1 realizarse adem\u00e1s en cualquiera de los centros elegidos. El centro tramitar\u00e1 la solicitud en tu nombre. <\/p>\n\n\n\n<p class=\"has-vivid-red-color has-pale-cyan-blue-background-color has-text-color has-background\">Importante:&nbsp;Cada solicitante deber\u00e1 presentar una \u00fanica instancia en los plazos establecidos. La presentaci\u00f3n de m\u00e1s de una solicitud para un mismo alumno o alumna dar\u00e1 lugar a su exclusi\u00f3n del proceso ordinario de admisi\u00f3n.<\/p>\n\n\n\n<p class=\"has-white-color has-text-color\">.<\/p>\n\n\n\n<h3 class=\"has-vivid-red-color has-text-color\" style=\"font-style:normal;font-weight:700\"><strong>\u00bf<\/strong>POR QU\u00c9 ESCOGER NUESTRO COLEGIO?<\/h3>\n\n\n\n<p>Seguramente algo de lo que te hemos contado te estar\u00e1 gustando. Pero a\u00fan podemos explicarte m\u00e1s cosas sobre lo que somos. <\/p>\n\n\n\n<figure class=\"wp-block-image size-large\"><img data-attachment-id=\"5472\" data-permalink=\"https:\/\/cpberiain.educacion.navarra.es\/web1\/1-2\/\" data-orig-file=\"https:\/\/i0.wp.com\/cpberiain.educacion.navarra.es\/web1\/wp-content\/uploads\/2025\/01\/1-1.jpg?fit=1587%2C2245&amp;ssl=1\" data-orig-size=\"1587,2245\" data-comments-opened=\"1\" data-image-meta=\"{&quot;aperture&quot;:&quot;0&quot;,&quot;credit&quot;:&quot;&quot;,&quot;camera&quot;:&quot;&quot;,&quot;caption&quot;:&quot;&quot;,&quot;created_timestamp&quot;:&quot;0&quot;,&quot;copyright&quot;:&quot;&quot;,&quot;focal_length&quot;:&quot;0&quot;,&quot;iso&quot;:&quot;0&quot;,&quot;shutter_speed&quot;:&quot;0&quot;,&quot;title&quot;:&quot;&quot;,&quot;orientation&quot;:&quot;1&quot;}\" data-image-title=\"1\" data-image-description=\"\" data-image-caption=\"\" data-medium-file=\"https:\/\/i0.wp.com\/cpberiain.educacion.navarra.es\/web1\/wp-content\/uploads\/2025\/01\/1-1.jpg?fit=212%2C300&amp;ssl=1\" data-large-file=\"https:\/\/i0.wp.com\/cpberiain.educacion.navarra.es\/web1\/wp-content\/uploads\/2025\/01\/1-1.jpg?fit=724%2C1024&amp;ssl=1\" loading=\"lazy\" width=\"724\" height=\"1024\" src=\"https:\/\/i0.wp.com\/cpberiain.educacion.navarra.es\/web1\/wp-content\/uploads\/2025\/01\/1-1.jpg?resize=724%2C1024&#038;ssl=1\" alt=\"\" class=\"wp-image-5472\" srcset=\"https:\/\/i0.wp.com\/cpberiain.educacion.navarra.es\/web1\/wp-content\/uploads\/2025\/01\/1-1.jpg?resize=724%2C1024&amp;ssl=1 724w, https:\/\/i0.wp.com\/cpberiain.educacion.navarra.es\/web1\/wp-content\/uploads\/2025\/01\/1-1.jpg?resize=212%2C300&amp;ssl=1 212w, https:\/\/i0.wp.com\/cpberiain.educacion.navarra.es\/web1\/wp-content\/uploads\/2025\/01\/1-1.jpg?resize=768%2C1086&amp;ssl=1 768w, https:\/\/i0.wp.com\/cpberiain.educacion.navarra.es\/web1\/wp-content\/uploads\/2025\/01\/1-1.jpg?resize=1086%2C1536&amp;ssl=1 1086w, https:\/\/i0.wp.com\/cpberiain.educacion.navarra.es\/web1\/wp-content\/uploads\/2025\/01\/1-1.jpg?resize=1448%2C2048&amp;ssl=1 1448w, https:\/\/i0.wp.com\/cpberiain.educacion.navarra.es\/web1\/wp-content\/uploads\/2025\/01\/1-1.jpg?w=1587&amp;ssl=1 1587w\" sizes=\"(max-width: 724px) 100vw, 724px\" data-recalc-dims=\"1\" \/><\/figure>\n\n\n\n<figure class=\"wp-block-image size-large\"><img data-attachment-id=\"5471\" data-permalink=\"https:\/\/cpberiain.educacion.navarra.es\/web1\/21\/\" data-orig-file=\"https:\/\/i0.wp.com\/cpberiain.educacion.navarra.es\/web1\/wp-content\/uploads\/2025\/01\/21.jpg?fit=1587%2C2245&amp;ssl=1\" data-orig-size=\"1587,2245\" data-comments-opened=\"1\" data-image-meta=\"{&quot;aperture&quot;:&quot;0&quot;,&quot;credit&quot;:&quot;&quot;,&quot;camera&quot;:&quot;&quot;,&quot;caption&quot;:&quot;&quot;,&quot;created_timestamp&quot;:&quot;0&quot;,&quot;copyright&quot;:&quot;&quot;,&quot;focal_length&quot;:&quot;0&quot;,&quot;iso&quot;:&quot;0&quot;,&quot;shutter_speed&quot;:&quot;0&quot;,&quot;title&quot;:&quot;&quot;,&quot;orientation&quot;:&quot;1&quot;}\" data-image-title=\"2(1)\" data-image-description=\"\" data-image-caption=\"\" data-medium-file=\"https:\/\/i0.wp.com\/cpberiain.educacion.navarra.es\/web1\/wp-content\/uploads\/2025\/01\/21.jpg?fit=212%2C300&amp;ssl=1\" data-large-file=\"https:\/\/i0.wp.com\/cpberiain.educacion.navarra.es\/web1\/wp-content\/uploads\/2025\/01\/21.jpg?fit=724%2C1024&amp;ssl=1\" loading=\"lazy\" width=\"724\" height=\"1024\" src=\"https:\/\/i0.wp.com\/cpberiain.educacion.navarra.es\/web1\/wp-content\/uploads\/2025\/01\/21.jpg?resize=724%2C1024&#038;ssl=1\" alt=\"\" class=\"wp-image-5471\" srcset=\"https:\/\/i0.wp.com\/cpberiain.educacion.navarra.es\/web1\/wp-content\/uploads\/2025\/01\/21.jpg?resize=724%2C1024&amp;ssl=1 724w, https:\/\/i0.wp.com\/cpberiain.educacion.navarra.es\/web1\/wp-content\/uploads\/2025\/01\/21.jpg?resize=212%2C300&amp;ssl=1 212w, https:\/\/i0.wp.com\/cpberiain.educacion.navarra.es\/web1\/wp-content\/uploads\/2025\/01\/21.jpg?resize=768%2C1086&amp;ssl=1 768w, https:\/\/i0.wp.com\/cpberiain.educacion.navarra.es\/web1\/wp-content\/uploads\/2025\/01\/21.jpg?resize=1086%2C1536&amp;ssl=1 1086w, https:\/\/i0.wp.com\/cpberiain.educacion.navarra.es\/web1\/wp-content\/uploads\/2025\/01\/21.jpg?resize=1448%2C2048&amp;ssl=1 1448w, https:\/\/i0.wp.com\/cpberiain.educacion.navarra.es\/web1\/wp-content\/uploads\/2025\/01\/21.jpg?w=1587&amp;ssl=1 1587w\" sizes=\"(max-width: 724px) 100vw, 724px\" data-recalc-dims=\"1\" \/><\/figure>\n\n\n\n<p class=\"has-white-color has-text-color\">.<\/p>\n\n\n\n<p>Si quieres conocer m\u00e1s cosas, puedes verlas en formato resumido en el siguiente documento: <a rel=\"noreferrer noopener\" href=\"https:\/\/docs.google.com\/document\/d\/1Q436201zeAuYE_AgJi9mRWywlBj4Kl8PpSGFrw1OBsg\/edit?usp=sharing\" target=\"_blank\">Informaci\u00f3n para familias nuevas<\/a><\/p>\n\n\n\n<p>Y si quieres saber m\u00e1s sobre nuestro proyecto educativo y servicios, tienes m\u00e1s informaci\u00f3n ampliada, en este otro documento: <a rel=\"noreferrer noopener\" href=\"https:\/\/docs.google.com\/document\/d\/1QzkJUhYB65xxd5Gnu9A6Ti1g92plVJunsMCdaEqRdi4\/edit?usp=sharing\" target=\"_blank\">gu\u00eda de matriculaci\u00f3n<\/a>. Aqu\u00ed pod\u00e9is encontrar de manera ordenada enlaces a nuestra web y otros documentos, que os permitir\u00e1n haceros una idea mucho m\u00e1s completa.<\/p>\n\n\n\n<p><\/p>\n\n\n\n<p>\u00bfQuieres acercarte a las sensaciones que tu hijo\/a va vivir en el colegio? Aqu\u00ed tienes una breve y entra\u00f1able presentaci\u00f3n en v\u00eddeo de nuestra escuela. Intentamos explicar un poquito del coraz\u00f3n que le ponemos a nuestra vocaci\u00f3n.<\/p>\n\n\n\n<figure class=\"wp-block-embed is-type-video is-provider-youtube wp-block-embed-youtube wp-embed-aspect-16-9 wp-has-aspect-ratio\"><div class=\"wp-block-embed__wrapper\">\n<iframe loading=\"lazy\" title=\"Presentaci\u00f3n del CP Beri\u00e1in: La escuela de las oportunidades\" width=\"500\" height=\"281\" src=\"https:\/\/www.youtube.com\/embed\/4z6lUx_CqCE?feature=oembed\" frameborder=\"0\" allow=\"accelerometer; autoplay; clipboard-write; encrypted-media; gyroscope; picture-in-picture; web-share\" referrerpolicy=\"strict-origin-when-cross-origin\" allowfullscreen><\/iframe>\n<\/div><\/figure>\n\n\n\n<p class=\"has-white-color has-text-color\">.<\/p>\n","protected":false},"excerpt":{"rendered":"<p>\u00a1\u00a1\u00a1\u00a1Est\u00e1 a punto de comenzar la prematriculaci\u00f3n!!! \u00a1\u00a1\u00a1Es momento de tener todo preparado!!! . PLAZO DE PREMATR\u00cdCULA La prematr\u00edcula se realizar\u00e1 este a\u00f1o entre el 17 y el 21 de marzo. Nuestras oficinas estar\u00e1n abiertas para recibiros de 9:15 a 14:30. Si ten\u00e9is alguna duda o dificultad con el horario,&#8230;, poneos en contacto con el [&hellip;]<\/p>\n","protected":false},"author":1,"featured_media":5488,"comment_status":"open","ping_status":"open","sticky":false,"template":"","format":"standard","meta":{"_genesis_hide_title":false,"_genesis_hide_breadcrumbs":false,"_genesis_hide_singular_image":false,"_genesis_hide_footer_widgets":false,"_genesis_custom_body_class":"","_genesis_custom_post_class":"","_genesis_layout":"","jetpack_post_was_ever_published":true,"jetpack_publicize_message":"","jetpack_is_tweetstorm":false,"jetpack_publicize_feature_enabled":true},"categories":[1],"tags":[],"jetpack_publicize_connections":[],"jetpack_featured_media_url":"https:\/\/i0.wp.com\/cpberiain.educacion.navarra.es\/web1\/wp-content\/uploads\/2025\/01\/Caminos-de-futuro-Tarjeta-3.jpg?fit=616%2C420&ssl=1","jetpack_sharing_enabled":true,"_links":{"self":[{"href":"https:\/\/cpberiain.educacion.navarra.es\/web1\/wp-json\/wp\/v2\/posts\/5465"}],"collection":[{"href":"https:\/\/cpberiain.educacion.navarra.es\/web1\/wp-json\/wp\/v2\/posts"}],"about":[{"href":"https:\/\/cpberiain.educacion.navarra.es\/web1\/wp-json\/wp\/v2\/types\/post"}],"author":[{"embeddable":true,"href":"https:\/\/cpberiain.educacion.navarra.es\/web1\/wp-json\/wp\/v2\/users\/1"}],"replies":[{"embeddable":true,"href":"https:\/\/cpberiain.educacion.navarra.es\/web1\/wp-json\/wp\/v2\/comments?post=5465"}],"version-history":[{"count":23,"href":"https:\/\/cpberiain.educacion.navarra.es\/web1\/wp-json\/wp\/v2\/posts\/5465\/revisions"}],"predecessor-version":[{"id":5582,"href":"https:\/\/cpberiain.educacion.navarra.es\/web1\/wp-json\/wp\/v2\/posts\/5465\/revisions\/5582"}],"wp:featuredmedia":[{"embeddable":true,"href":"https:\/\/cpberiain.educacion.navarra.es\/web1\/wp-json\/wp\/v2\/media\/5488"}],"wp:attachment":[{"href":"https:\/\/cpberiain.educacion.navarra.es\/web1\/wp-json\/wp\/v2\/media?parent=5465"}],"wp:term":[{"taxonomy":"category","embeddable":true,"href":"https:\/\/cpberiain.educacion.navarra.es\/web1\/wp-json\/wp\/v2\/categories?post=5465"},{"taxonomy":"post_tag","embeddable":true,"href":"https:\/\/cpberiain.educacion.navarra.es\/web1\/wp-json\/wp\/v2\/tags?post=5465"}],"curies":[{"name":"wp","href":"https:\/\/api.w.org\/{rel}","templated":true}]}}