{"id":5574,"date":"2025-04-08T19:41:19","date_gmt":"2025-04-08T17:41:19","guid":{"rendered":"https:\/\/cpberiain.educacion.navarra.es\/web1\/?p=5574"},"modified":"2025-04-08T19:41:20","modified_gmt":"2025-04-08T17:41:20","slug":"5o-ep-en-berbinzana-y-artajona","status":"publish","type":"post","link":"https:\/\/cpberiain.educacion.navarra.es\/web1\/5o-ep-en-berbinzana-y-artajona\/","title":{"rendered":"5\u00ba EP en Berbinzana y Artajona"},"content":{"rendered":"\n<p><strong><em>  Descubriendo la historia local<\/em><\/strong><\/p>\n\n\n\n<p>En&nbsp;Las Eretas, exploraron un&nbsp;poblado fortificado de la Edad del Hierro&nbsp;(siglos VII-VI a.C.), donde observaron los restos de la muralla y reconstrucciones de hornos, paseo de ronda, y una vivienda, adem\u00e1s de aprender sobre herramientas, artesan\u00eda y costumbres de la \u00e9poca.&nbsp;<\/p>\n\n\n\n<p>La visita incluy\u00f3 una\u00a0narraci\u00f3n en forma de kamishibai\u00a0para contextualizar la vida en el asentamiento, adem\u00e1s de con una gymkana\u00a0para reforzar y asentar lo\u00a0aprendido de manera l\u00fadica.\u00a0<\/p>\n\n\n\n<p>En&nbsp;Artajona, descubrieron el&nbsp;Cerco medieval&nbsp;(siglos XI-XIII), analizando su funci\u00f3n defensiva y su importancia hist\u00f3rica como enclave estrat\u00e9gico.&nbsp;<\/p>\n\n\n\n<p>Adem\u00e1s, visitaron la&nbsp;iglesia fortaleza de San Saturnino, subiendo a su cubierta para admirar vistas \u00fanicas que alcanzan el Moncayo y Montejurra, mientras conoc\u00edan detalles de su arquitectura g\u00f3tica y pinturas medievales.<\/p>\n\n\n\n<p>Esta experiencia ha permitido al alumnado conectar los contenidos te\u00f3ricos con el patrimonio cultural de Navarra.<\/p>\n\n\n\n<p><a href=\"https:\/\/photos.app.goo.gl\/qTd6aFYL18gU6Ns9A\">https:\/\/photos.app.goo.gl\/qTd6aFYL18gU6Ns9A<\/a><\/p>\n\n\n\n<p><\/p>\n\n\n\n<figure class=\"wp-block-image size-full\"><img data-attachment-id=\"5575\" data-permalink=\"https:\/\/cpberiain.educacion.navarra.es\/web1\/5o-ep-en-berbinzana-y-artajona\/screenshot_2025-04-08-17-20-30-47_99c04817c0de5652397fc8b56c3b3817\/\" data-orig-file=\"https:\/\/i0.wp.com\/cpberiain.educacion.navarra.es\/web1\/wp-content\/uploads\/2025\/04\/Screenshot_2025-04-08-17-20-30-47_99c04817c0de5652397fc8b56c3b3817.jpg?fit=943%2C540&amp;ssl=1\" data-orig-size=\"943,540\" data-comments-opened=\"1\" data-image-meta=\"{&quot;aperture&quot;:&quot;0&quot;,&quot;credit&quot;:&quot;&quot;,&quot;camera&quot;:&quot;&quot;,&quot;caption&quot;:&quot;&quot;,&quot;created_timestamp&quot;:&quot;0&quot;,&quot;copyright&quot;:&quot;&quot;,&quot;focal_length&quot;:&quot;0&quot;,&quot;iso&quot;:&quot;0&quot;,&quot;shutter_speed&quot;:&quot;0&quot;,&quot;title&quot;:&quot;&quot;,&quot;orientation&quot;:&quot;1&quot;}\" data-image-title=\"Screenshot_2025-04-08-17-20-30-47_99c04817c0de5652397fc8b56c3b3817\" data-image-description=\"\" data-image-caption=\"\" data-medium-file=\"https:\/\/i0.wp.com\/cpberiain.educacion.navarra.es\/web1\/wp-content\/uploads\/2025\/04\/Screenshot_2025-04-08-17-20-30-47_99c04817c0de5652397fc8b56c3b3817.jpg?fit=300%2C172&amp;ssl=1\" data-large-file=\"https:\/\/i0.wp.com\/cpberiain.educacion.navarra.es\/web1\/wp-content\/uploads\/2025\/04\/Screenshot_2025-04-08-17-20-30-47_99c04817c0de5652397fc8b56c3b3817.jpg?fit=943%2C540&amp;ssl=1\" loading=\"lazy\" width=\"943\" height=\"540\" src=\"https:\/\/i0.wp.com\/cpberiain.educacion.navarra.es\/web1\/wp-content\/uploads\/2025\/04\/Screenshot_2025-04-08-17-20-30-47_99c04817c0de5652397fc8b56c3b3817.jpg?resize=943%2C540&#038;ssl=1\" alt=\"\" class=\"wp-image-5575\" srcset=\"https:\/\/i0.wp.com\/cpberiain.educacion.navarra.es\/web1\/wp-content\/uploads\/2025\/04\/Screenshot_2025-04-08-17-20-30-47_99c04817c0de5652397fc8b56c3b3817.jpg?w=943&amp;ssl=1 943w, https:\/\/i0.wp.com\/cpberiain.educacion.navarra.es\/web1\/wp-content\/uploads\/2025\/04\/Screenshot_2025-04-08-17-20-30-47_99c04817c0de5652397fc8b56c3b3817.jpg?resize=300%2C172&amp;ssl=1 300w, https:\/\/i0.wp.com\/cpberiain.educacion.navarra.es\/web1\/wp-content\/uploads\/2025\/04\/Screenshot_2025-04-08-17-20-30-47_99c04817c0de5652397fc8b56c3b3817.jpg?resize=768%2C440&amp;ssl=1 768w\" sizes=\"(max-width: 943px) 100vw, 943px\" data-recalc-dims=\"1\" \/><\/figure>\n\n\n","protected":false},"excerpt":{"rendered":"<p>Descubriendo la historia local En&nbsp;Las Eretas, exploraron un&nbsp;poblado fortificado de la Edad del Hierro&nbsp;(siglos VII-VI a.C.), donde observaron los restos de la muralla y reconstrucciones de hornos, paseo de ronda, y una vivienda, adem\u00e1s de aprender sobre herramientas, artesan\u00eda y costumbres de la \u00e9poca.&nbsp; La visita incluy\u00f3 una\u00a0narraci\u00f3n en forma de kamishibai\u00a0para contextualizar la vida [&hellip;]<\/p>\n","protected":false},"author":13,"featured_media":0,"comment_status":"open","ping_status":"open","sticky":false,"template":"","format":"standard","meta":{"_genesis_hide_title":false,"_genesis_hide_breadcrumbs":false,"_genesis_hide_singular_image":false,"_genesis_hide_footer_widgets":false,"_genesis_custom_body_class":"","_genesis_custom_post_class":"","_genesis_layout":"","jetpack_post_was_ever_published":false,"jetpack_publicize_message":"","jetpack_is_tweetstorm":false,"jetpack_publicize_feature_enabled":true},"categories":[70,1],"tags":[],"jetpack_publicize_connections":[],"jetpack_featured_media_url":"","jetpack_sharing_enabled":true,"_links":{"self":[{"href":"https:\/\/cpberiain.educacion.navarra.es\/web1\/wp-json\/wp\/v2\/posts\/5574"}],"collection":[{"href":"https:\/\/cpberiain.educacion.navarra.es\/web1\/wp-json\/wp\/v2\/posts"}],"about":[{"href":"https:\/\/cpberiain.educacion.navarra.es\/web1\/wp-json\/wp\/v2\/types\/post"}],"author":[{"embeddable":true,"href":"https:\/\/cpberiain.educacion.navarra.es\/web1\/wp-json\/wp\/v2\/users\/13"}],"replies":[{"embeddable":true,"href":"https:\/\/cpberiain.educacion.navarra.es\/web1\/wp-json\/wp\/v2\/comments?post=5574"}],"version-history":[{"count":1,"href":"https:\/\/cpberiain.educacion.navarra.es\/web1\/wp-json\/wp\/v2\/posts\/5574\/revisions"}],"predecessor-version":[{"id":5576,"href":"https:\/\/cpberiain.educacion.navarra.es\/web1\/wp-json\/wp\/v2\/posts\/5574\/revisions\/5576"}],"wp:attachment":[{"href":"https:\/\/cpberiain.educacion.navarra.es\/web1\/wp-json\/wp\/v2\/media?parent=5574"}],"wp:term":[{"taxonomy":"category","embeddable":true,"href":"https:\/\/cpberiain.educacion.navarra.es\/web1\/wp-json\/wp\/v2\/categories?post=5574"},{"taxonomy":"post_tag","embeddable":true,"href":"https:\/\/cpberiain.educacion.navarra.es\/web1\/wp-json\/wp\/v2\/tags?post=5574"}],"curies":[{"name":"wp","href":"https:\/\/api.w.org\/{rel}","templated":true}]}}