{"id":5910,"date":"2025-12-11T10:55:15","date_gmt":"2025-12-11T09:55:15","guid":{"rendered":"https:\/\/cpberiain.educacion.navarra.es\/web1\/?p=5910"},"modified":"2025-12-11T10:56:07","modified_gmt":"2025-12-11T09:56:07","slug":"1o-y-2o-ep-visita-a-los-belenes-en-baluarte","status":"publish","type":"post","link":"https:\/\/cpberiain.educacion.navarra.es\/web1\/1o-y-2o-ep-visita-a-los-belenes-en-baluarte\/","title":{"rendered":"1\u00ba y 2\u00ba EP Visita a los Belenes en Baluarte"},"content":{"rendered":"\n<p>El d\u00eda 9 de diciembre, el alumnado de primer ciclo acudi\u00f3 a ver los belenes de Baluarte.Fuimos en villavesa, almorzamos en la plaza e hicimos una gymkhana que nos oblig\u00f3 a mirar con mucho detenimiento los peque\u00f1os detalles que tiene cada uno de los belenes.Fue una salida maravillosa, que sin duda, otro a\u00f1o repetiremos.\u00a0<a href=\"https:\/\/photos.app.goo.gl\/jqoaKE8JwAVyqrjb9\">FOTOS<\/a><\/p>\n\n\n\n<figure class=\"wp-block-image size-large\"><img data-attachment-id=\"5911\" data-permalink=\"https:\/\/cpberiain.educacion.navarra.es\/web1\/1o-y-2o-ep-visita-a-los-belenes-en-baluarte\/img-20251211-wa0011\/\" data-orig-file=\"https:\/\/i0.wp.com\/cpberiain.educacion.navarra.es\/web1\/wp-content\/uploads\/2025\/12\/IMG-20251211-WA0011.jpg?fit=2048%2C923&amp;ssl=1\" data-orig-size=\"2048,923\" data-comments-opened=\"1\" data-image-meta=\"{&quot;aperture&quot;:&quot;0&quot;,&quot;credit&quot;:&quot;&quot;,&quot;camera&quot;:&quot;&quot;,&quot;caption&quot;:&quot;&quot;,&quot;created_timestamp&quot;:&quot;0&quot;,&quot;copyright&quot;:&quot;&quot;,&quot;focal_length&quot;:&quot;0&quot;,&quot;iso&quot;:&quot;0&quot;,&quot;shutter_speed&quot;:&quot;0&quot;,&quot;title&quot;:&quot;&quot;,&quot;orientation&quot;:&quot;0&quot;}\" data-image-title=\"IMG-20251211-WA0011\" data-image-description=\"\" data-image-caption=\"\" data-medium-file=\"https:\/\/i0.wp.com\/cpberiain.educacion.navarra.es\/web1\/wp-content\/uploads\/2025\/12\/IMG-20251211-WA0011.jpg?fit=300%2C135&amp;ssl=1\" data-large-file=\"https:\/\/i0.wp.com\/cpberiain.educacion.navarra.es\/web1\/wp-content\/uploads\/2025\/12\/IMG-20251211-WA0011.jpg?fit=1024%2C462&amp;ssl=1\" loading=\"lazy\" width=\"1024\" height=\"462\" src=\"https:\/\/i0.wp.com\/cpberiain.educacion.navarra.es\/web1\/wp-content\/uploads\/2025\/12\/IMG-20251211-WA0011.jpg?resize=1024%2C462&#038;ssl=1\" alt=\"\" class=\"wp-image-5911\" srcset=\"https:\/\/i0.wp.com\/cpberiain.educacion.navarra.es\/web1\/wp-content\/uploads\/2025\/12\/IMG-20251211-WA0011.jpg?resize=1024%2C462&amp;ssl=1 1024w, https:\/\/i0.wp.com\/cpberiain.educacion.navarra.es\/web1\/wp-content\/uploads\/2025\/12\/IMG-20251211-WA0011.jpg?resize=300%2C135&amp;ssl=1 300w, https:\/\/i0.wp.com\/cpberiain.educacion.navarra.es\/web1\/wp-content\/uploads\/2025\/12\/IMG-20251211-WA0011.jpg?resize=768%2C346&amp;ssl=1 768w, https:\/\/i0.wp.com\/cpberiain.educacion.navarra.es\/web1\/wp-content\/uploads\/2025\/12\/IMG-20251211-WA0011.jpg?resize=1536%2C692&amp;ssl=1 1536w, https:\/\/i0.wp.com\/cpberiain.educacion.navarra.es\/web1\/wp-content\/uploads\/2025\/12\/IMG-20251211-WA0011.jpg?w=2048&amp;ssl=1 2048w\" sizes=\"(max-width: 1000px) 100vw, 1000px\" data-recalc-dims=\"1\" \/><\/figure>\n","protected":false},"excerpt":{"rendered":"<p>El d\u00eda 9 de diciembre, el alumnado de primer ciclo acudi\u00f3 a ver los belenes de Baluarte.Fuimos en villavesa, almorzamos en la plaza e hicimos una gymkhana que nos oblig\u00f3 a mirar con mucho detenimiento los peque\u00f1os detalles que tiene cada uno de los belenes.Fue una salida maravillosa, que sin duda, otro a\u00f1o repetiremos.\u00a0FOTOS<\/p>\n","protected":false},"author":13,"featured_media":0,"comment_status":"open","ping_status":"open","sticky":false,"template":"","format":"standard","meta":{"_genesis_hide_title":false,"_genesis_hide_breadcrumbs":false,"_genesis_hide_singular_image":false,"_genesis_hide_footer_widgets":false,"_genesis_custom_body_class":"","_genesis_custom_post_class":"","_genesis_layout":"","jetpack_post_was_ever_published":false,"jetpack_publicize_message":"","jetpack_is_tweetstorm":false,"jetpack_publicize_feature_enabled":true},"categories":[71,1],"tags":[],"jetpack_publicize_connections":[],"jetpack_featured_media_url":"","jetpack_sharing_enabled":true,"_links":{"self":[{"href":"https:\/\/cpberiain.educacion.navarra.es\/web1\/wp-json\/wp\/v2\/posts\/5910"}],"collection":[{"href":"https:\/\/cpberiain.educacion.navarra.es\/web1\/wp-json\/wp\/v2\/posts"}],"about":[{"href":"https:\/\/cpberiain.educacion.navarra.es\/web1\/wp-json\/wp\/v2\/types\/post"}],"author":[{"embeddable":true,"href":"https:\/\/cpberiain.educacion.navarra.es\/web1\/wp-json\/wp\/v2\/users\/13"}],"replies":[{"embeddable":true,"href":"https:\/\/cpberiain.educacion.navarra.es\/web1\/wp-json\/wp\/v2\/comments?post=5910"}],"version-history":[{"count":1,"href":"https:\/\/cpberiain.educacion.navarra.es\/web1\/wp-json\/wp\/v2\/posts\/5910\/revisions"}],"predecessor-version":[{"id":5912,"href":"https:\/\/cpberiain.educacion.navarra.es\/web1\/wp-json\/wp\/v2\/posts\/5910\/revisions\/5912"}],"wp:attachment":[{"href":"https:\/\/cpberiain.educacion.navarra.es\/web1\/wp-json\/wp\/v2\/media?parent=5910"}],"wp:term":[{"taxonomy":"category","embeddable":true,"href":"https:\/\/cpberiain.educacion.navarra.es\/web1\/wp-json\/wp\/v2\/categories?post=5910"},{"taxonomy":"post_tag","embeddable":true,"href":"https:\/\/cpberiain.educacion.navarra.es\/web1\/wp-json\/wp\/v2\/tags?post=5910"}],"curies":[{"name":"wp","href":"https:\/\/api.w.org\/{rel}","templated":true}]}}