{"id":6067,"date":"2026-03-06T13:25:28","date_gmt":"2026-03-06T12:25:28","guid":{"rendered":"https:\/\/cpberiain.educacion.navarra.es\/web1\/?p=6067"},"modified":"2026-03-06T13:25:29","modified_gmt":"2026-03-06T12:25:29","slug":"3o-ep-visita-el-ayuntamiento","status":"publish","type":"post","link":"https:\/\/cpberiain.educacion.navarra.es\/web1\/3o-ep-visita-el-ayuntamiento\/","title":{"rendered":"3\u00ba EP Visita el ayuntamiento"},"content":{"rendered":"\n<p>El alumnado de 3\u00ba de Primaria ha visitado el Ayuntamiento de Beri\u00e1in. El alcalde, Jos\u00e9 Manuel Men\u00e9ndez, nos ha recibido muy amablemente y junto a \u00e9l hemos realizado un recorrido por las distintas salas.<\/p>\n\n\n\n<p>En el sal\u00f3n de plenos, hemos podido realizarle una serie de preguntas acerca de la localidad. <\/p>\n\n\n\n<p><a href=\"https:\/\/photos.app.goo.gl\/ooyg3BG2sbV3mDGz5\">FOTOS <\/a><\/p>\n\n\n\n<p><\/p>\n\n\n\n<figure class=\"wp-block-image size-full\"><img data-attachment-id=\"6068\" data-permalink=\"https:\/\/cpberiain.educacion.navarra.es\/web1\/3o-ep-visita-el-ayuntamiento\/img20260306123218\/\" data-orig-file=\"https:\/\/i0.wp.com\/cpberiain.educacion.navarra.es\/web1\/wp-content\/uploads\/2026\/03\/IMG20260306123218.jpg?fit=819%2C614&amp;ssl=1\" data-orig-size=\"819,614\" data-comments-opened=\"1\" data-image-meta=\"{&quot;aperture&quot;:&quot;1.8&quot;,&quot;credit&quot;:&quot;&quot;,&quot;camera&quot;:&quot;OPPO A5 Pro 5G&quot;,&quot;caption&quot;:&quot;&quot;,&quot;created_timestamp&quot;:&quot;1772800338&quot;,&quot;copyright&quot;:&quot;&quot;,&quot;focal_length&quot;:&quot;3.98&quot;,&quot;iso&quot;:&quot;64&quot;,&quot;shutter_speed&quot;:&quot;0.009996&quot;,&quot;title&quot;:&quot;&quot;,&quot;orientation&quot;:&quot;1&quot;}\" data-image-title=\"IMG20260306123218\" data-image-description=\"\" data-image-caption=\"\" data-medium-file=\"https:\/\/i0.wp.com\/cpberiain.educacion.navarra.es\/web1\/wp-content\/uploads\/2026\/03\/IMG20260306123218.jpg?fit=300%2C225&amp;ssl=1\" data-large-file=\"https:\/\/i0.wp.com\/cpberiain.educacion.navarra.es\/web1\/wp-content\/uploads\/2026\/03\/IMG20260306123218.jpg?fit=819%2C614&amp;ssl=1\" loading=\"lazy\" width=\"819\" height=\"614\" src=\"https:\/\/i0.wp.com\/cpberiain.educacion.navarra.es\/web1\/wp-content\/uploads\/2026\/03\/IMG20260306123218.jpg?resize=819%2C614&#038;ssl=1\" alt=\"\" class=\"wp-image-6068\" srcset=\"https:\/\/i0.wp.com\/cpberiain.educacion.navarra.es\/web1\/wp-content\/uploads\/2026\/03\/IMG20260306123218.jpg?w=819&amp;ssl=1 819w, https:\/\/i0.wp.com\/cpberiain.educacion.navarra.es\/web1\/wp-content\/uploads\/2026\/03\/IMG20260306123218.jpg?resize=300%2C225&amp;ssl=1 300w, https:\/\/i0.wp.com\/cpberiain.educacion.navarra.es\/web1\/wp-content\/uploads\/2026\/03\/IMG20260306123218.jpg?resize=768%2C576&amp;ssl=1 768w\" sizes=\"(max-width: 819px) 100vw, 819px\" data-recalc-dims=\"1\" \/><\/figure>\n","protected":false},"excerpt":{"rendered":"<p>El alumnado de 3\u00ba de Primaria ha visitado el Ayuntamiento de Beri\u00e1in. El alcalde, Jos\u00e9 Manuel Men\u00e9ndez, nos ha recibido muy amablemente y junto a \u00e9l hemos realizado un recorrido por las distintas salas. En el sal\u00f3n de plenos, hemos podido realizarle una serie de preguntas acerca de la localidad. FOTOS<\/p>\n","protected":false},"author":13,"featured_media":0,"comment_status":"open","ping_status":"open","sticky":false,"template":"","format":"standard","meta":{"_genesis_hide_title":false,"_genesis_hide_breadcrumbs":false,"_genesis_hide_singular_image":false,"_genesis_hide_footer_widgets":false,"_genesis_custom_body_class":"","_genesis_custom_post_class":"","_genesis_layout":"","jetpack_post_was_ever_published":false,"jetpack_publicize_message":"","jetpack_is_tweetstorm":false,"jetpack_publicize_feature_enabled":true},"categories":[71,1],"tags":[],"jetpack_publicize_connections":[],"jetpack_featured_media_url":"","jetpack_sharing_enabled":true,"_links":{"self":[{"href":"https:\/\/cpberiain.educacion.navarra.es\/web1\/wp-json\/wp\/v2\/posts\/6067"}],"collection":[{"href":"https:\/\/cpberiain.educacion.navarra.es\/web1\/wp-json\/wp\/v2\/posts"}],"about":[{"href":"https:\/\/cpberiain.educacion.navarra.es\/web1\/wp-json\/wp\/v2\/types\/post"}],"author":[{"embeddable":true,"href":"https:\/\/cpberiain.educacion.navarra.es\/web1\/wp-json\/wp\/v2\/users\/13"}],"replies":[{"embeddable":true,"href":"https:\/\/cpberiain.educacion.navarra.es\/web1\/wp-json\/wp\/v2\/comments?post=6067"}],"version-history":[{"count":1,"href":"https:\/\/cpberiain.educacion.navarra.es\/web1\/wp-json\/wp\/v2\/posts\/6067\/revisions"}],"predecessor-version":[{"id":6069,"href":"https:\/\/cpberiain.educacion.navarra.es\/web1\/wp-json\/wp\/v2\/posts\/6067\/revisions\/6069"}],"wp:attachment":[{"href":"https:\/\/cpberiain.educacion.navarra.es\/web1\/wp-json\/wp\/v2\/media?parent=6067"}],"wp:term":[{"taxonomy":"category","embeddable":true,"href":"https:\/\/cpberiain.educacion.navarra.es\/web1\/wp-json\/wp\/v2\/categories?post=6067"},{"taxonomy":"post_tag","embeddable":true,"href":"https:\/\/cpberiain.educacion.navarra.es\/web1\/wp-json\/wp\/v2\/tags?post=6067"}],"curies":[{"name":"wp","href":"https:\/\/api.w.org\/{rel}","templated":true}]}}