{"id":6070,"date":"2026-03-08T09:18:51","date_gmt":"2026-03-08T08:18:51","guid":{"rendered":"https:\/\/cpberiain.educacion.navarra.es\/web1\/?p=6070"},"modified":"2026-03-08T09:18:52","modified_gmt":"2026-03-08T08:18:52","slug":"3o-ep-el-reciclon","status":"publish","type":"post","link":"https:\/\/cpberiain.educacion.navarra.es\/web1\/3o-ep-el-reciclon\/","title":{"rendered":"3\u00ba EP \u00abEl Recicl\u00f3n\u00bb"},"content":{"rendered":"\n<p>Nuestras clases de 3\u00baEP se han presentado al concurso \u00ab<em>Recicl\u00f3n<\/em>\u00bb <a rel=\"noreferrer noopener\" href=\"https:\/\/reciclon.gruponoticias.es\/\" data-type=\"URL\" data-id=\"https:\/\/reciclon.gruponoticias.es\/\" target=\"_blank\">https:\/\/reciclon.gruponoticias.es\/<\/a> , utilizando material reciclado han creado una mascota para cada clase.<\/p>\n\n\n\n<p>Participamos con otro mont\u00f3n de coles de nuestra comunidad, concienci\u00e1ndonos sobre la reutilizaci\u00f3n de residuos dom\u00e9sticos para crear arte y juguetes.  <\/p>\n\n\n\n<p><a href=\"https:\/\/photos.app.goo.gl\/AMY7nog6zGoGaekW9\">FOTOS CONCURSO<\/a><\/p>\n\n\n\n<figure class=\"wp-block-image size-large is-style-rounded\"><img data-attachment-id=\"6071\" data-permalink=\"https:\/\/cpberiain.educacion.navarra.es\/web1\/3o-ep-el-reciclon\/img20260306130353\/\" data-orig-file=\"https:\/\/i0.wp.com\/cpberiain.educacion.navarra.es\/web1\/wp-content\/uploads\/2026\/03\/IMG20260306130353-scaled.jpg?fit=2560%2C1920&amp;ssl=1\" data-orig-size=\"2560,1920\" data-comments-opened=\"1\" data-image-meta=\"{&quot;aperture&quot;:&quot;1.8&quot;,&quot;credit&quot;:&quot;&quot;,&quot;camera&quot;:&quot;OPPO A5 Pro 5G&quot;,&quot;caption&quot;:&quot;&quot;,&quot;created_timestamp&quot;:&quot;1772802233&quot;,&quot;copyright&quot;:&quot;&quot;,&quot;focal_length&quot;:&quot;3.98&quot;,&quot;iso&quot;:&quot;1250&quot;,&quot;shutter_speed&quot;:&quot;0.049997&quot;,&quot;title&quot;:&quot;&quot;,&quot;orientation&quot;:&quot;1&quot;}\" data-image-title=\"IMG20260306130353\" data-image-description=\"\" data-image-caption=\"\" data-medium-file=\"https:\/\/i0.wp.com\/cpberiain.educacion.navarra.es\/web1\/wp-content\/uploads\/2026\/03\/IMG20260306130353-scaled.jpg?fit=300%2C225&amp;ssl=1\" data-large-file=\"https:\/\/i0.wp.com\/cpberiain.educacion.navarra.es\/web1\/wp-content\/uploads\/2026\/03\/IMG20260306130353-scaled.jpg?fit=1024%2C768&amp;ssl=1\" loading=\"lazy\" width=\"1024\" height=\"768\" src=\"https:\/\/i0.wp.com\/cpberiain.educacion.navarra.es\/web1\/wp-content\/uploads\/2026\/03\/IMG20260306130353.jpg?resize=1024%2C768&#038;ssl=1\" alt=\"\" class=\"wp-image-6071\" srcset=\"https:\/\/i0.wp.com\/cpberiain.educacion.navarra.es\/web1\/wp-content\/uploads\/2026\/03\/IMG20260306130353-scaled.jpg?resize=1024%2C768&amp;ssl=1 1024w, https:\/\/i0.wp.com\/cpberiain.educacion.navarra.es\/web1\/wp-content\/uploads\/2026\/03\/IMG20260306130353-scaled.jpg?resize=300%2C225&amp;ssl=1 300w, https:\/\/i0.wp.com\/cpberiain.educacion.navarra.es\/web1\/wp-content\/uploads\/2026\/03\/IMG20260306130353-scaled.jpg?resize=768%2C576&amp;ssl=1 768w, https:\/\/i0.wp.com\/cpberiain.educacion.navarra.es\/web1\/wp-content\/uploads\/2026\/03\/IMG20260306130353-scaled.jpg?resize=1536%2C1152&amp;ssl=1 1536w, https:\/\/i0.wp.com\/cpberiain.educacion.navarra.es\/web1\/wp-content\/uploads\/2026\/03\/IMG20260306130353-scaled.jpg?resize=2048%2C1536&amp;ssl=1 2048w\" sizes=\"(max-width: 1000px) 100vw, 1000px\" data-recalc-dims=\"1\" \/><\/figure>\n\n\n\n<p> <\/p>\n\n\n\n<figure class=\"wp-block-image size-full is-style-rounded\"><img data-attachment-id=\"6074\" data-permalink=\"https:\/\/cpberiain.educacion.navarra.es\/web1\/3o-ep-el-reciclon\/img_0668\/\" data-orig-file=\"https:\/\/i0.wp.com\/cpberiain.educacion.navarra.es\/web1\/wp-content\/uploads\/2026\/03\/IMG_0668.jpg?fit=806%2C604&amp;ssl=1\" data-orig-size=\"806,604\" data-comments-opened=\"1\" data-image-meta=\"{&quot;aperture&quot;:&quot;1.8&quot;,&quot;credit&quot;:&quot;&quot;,&quot;camera&quot;:&quot;iPhone 13 Pro Max&quot;,&quot;caption&quot;:&quot;&quot;,&quot;created_timestamp&quot;:&quot;1772802349&quot;,&quot;copyright&quot;:&quot;&quot;,&quot;focal_length&quot;:&quot;1.57&quot;,&quot;iso&quot;:&quot;125&quot;,&quot;shutter_speed&quot;:&quot;0.01010101010101&quot;,&quot;title&quot;:&quot;&quot;,&quot;orientation&quot;:&quot;1&quot;}\" data-image-title=\"IMG_0668\" data-image-description=\"\" data-image-caption=\"\" data-medium-file=\"https:\/\/i0.wp.com\/cpberiain.educacion.navarra.es\/web1\/wp-content\/uploads\/2026\/03\/IMG_0668.jpg?fit=300%2C225&amp;ssl=1\" data-large-file=\"https:\/\/i0.wp.com\/cpberiain.educacion.navarra.es\/web1\/wp-content\/uploads\/2026\/03\/IMG_0668.jpg?fit=806%2C604&amp;ssl=1\" loading=\"lazy\" width=\"806\" height=\"604\" src=\"https:\/\/i0.wp.com\/cpberiain.educacion.navarra.es\/web1\/wp-content\/uploads\/2026\/03\/IMG_0668.jpg?resize=806%2C604&#038;ssl=1\" alt=\"\" class=\"wp-image-6074\" srcset=\"https:\/\/i0.wp.com\/cpberiain.educacion.navarra.es\/web1\/wp-content\/uploads\/2026\/03\/IMG_0668.jpg?w=806&amp;ssl=1 806w, https:\/\/i0.wp.com\/cpberiain.educacion.navarra.es\/web1\/wp-content\/uploads\/2026\/03\/IMG_0668.jpg?resize=300%2C225&amp;ssl=1 300w, https:\/\/i0.wp.com\/cpberiain.educacion.navarra.es\/web1\/wp-content\/uploads\/2026\/03\/IMG_0668.jpg?resize=768%2C576&amp;ssl=1 768w\" sizes=\"(max-width: 806px) 100vw, 806px\" data-recalc-dims=\"1\" \/><\/figure>\n\n\n\n<p><\/p>\n","protected":false},"excerpt":{"rendered":"<p>Nuestras clases de 3\u00baEP se han presentado al concurso \u00abRecicl\u00f3n\u00bb https:\/\/reciclon.gruponoticias.es\/ , utilizando material reciclado han creado una mascota para cada clase. Participamos con otro mont\u00f3n de coles de nuestra comunidad, concienci\u00e1ndonos sobre la reutilizaci\u00f3n de residuos dom\u00e9sticos para crear arte y juguetes. FOTOS CONCURSO<\/p>\n","protected":false},"author":13,"featured_media":0,"comment_status":"open","ping_status":"open","sticky":false,"template":"","format":"standard","meta":{"_genesis_hide_title":false,"_genesis_hide_breadcrumbs":false,"_genesis_hide_singular_image":false,"_genesis_hide_footer_widgets":false,"_genesis_custom_body_class":"","_genesis_custom_post_class":"","_genesis_layout":"","jetpack_post_was_ever_published":false,"jetpack_publicize_message":"","jetpack_is_tweetstorm":false,"jetpack_publicize_feature_enabled":true},"categories":[71,1],"tags":[],"jetpack_publicize_connections":[],"jetpack_featured_media_url":"","jetpack_sharing_enabled":true,"_links":{"self":[{"href":"https:\/\/cpberiain.educacion.navarra.es\/web1\/wp-json\/wp\/v2\/posts\/6070"}],"collection":[{"href":"https:\/\/cpberiain.educacion.navarra.es\/web1\/wp-json\/wp\/v2\/posts"}],"about":[{"href":"https:\/\/cpberiain.educacion.navarra.es\/web1\/wp-json\/wp\/v2\/types\/post"}],"author":[{"embeddable":true,"href":"https:\/\/cpberiain.educacion.navarra.es\/web1\/wp-json\/wp\/v2\/users\/13"}],"replies":[{"embeddable":true,"href":"https:\/\/cpberiain.educacion.navarra.es\/web1\/wp-json\/wp\/v2\/comments?post=6070"}],"version-history":[{"count":2,"href":"https:\/\/cpberiain.educacion.navarra.es\/web1\/wp-json\/wp\/v2\/posts\/6070\/revisions"}],"predecessor-version":[{"id":6075,"href":"https:\/\/cpberiain.educacion.navarra.es\/web1\/wp-json\/wp\/v2\/posts\/6070\/revisions\/6075"}],"wp:attachment":[{"href":"https:\/\/cpberiain.educacion.navarra.es\/web1\/wp-json\/wp\/v2\/media?parent=6070"}],"wp:term":[{"taxonomy":"category","embeddable":true,"href":"https:\/\/cpberiain.educacion.navarra.es\/web1\/wp-json\/wp\/v2\/categories?post=6070"},{"taxonomy":"post_tag","embeddable":true,"href":"https:\/\/cpberiain.educacion.navarra.es\/web1\/wp-json\/wp\/v2\/tags?post=6070"}],"curies":[{"name":"wp","href":"https:\/\/api.w.org\/{rel}","templated":true}]}}